{"id":74101,"date":"2023-02-15T14:00:20","date_gmt":"2023-02-15T13:00:20","guid":{"rendered":"https:\/\/internetrepublica.com\/?p=74101"},"modified":"2025-04-04T12:04:18","modified_gmt":"2025-04-04T10:04:18","slug":"la-vision-del-director-de-marketing-entrevista-a-carlos-estevez","status":"publish","type":"post","link":"https:\/\/internetrepublica.com\/blog\/la-vision-del-director-de-marketing-entrevista-a-carlos-estevez\/","title":{"rendered":"La visi\u00f3n del director de marketing &#8211; Entrevista a Carlos Est\u00e9vez"},"content":{"rendered":"<h2><b>Marketing digital, el \u00e9xito, retener el talento, TikTok, SEO, Elon Musk, Twitch\u2026 Son algunos de los temas de una entrevista de actualidad y aprendizaje<\/b><\/h2>\n<p>&nbsp;<\/p>\n<p><span style=\"font-weight: 400;\">De vuelta al <\/span><i><span style=\"font-weight: 400;\">Chester<\/span><\/i><span style=\"font-weight: 400;\">, y no al de Risto Mejide, sino al de Internet Rep\u00fablica. En esta ocasi\u00f3n, <strong>Carlos Est\u00e9vez<\/strong>, director de Operaciones, ha desplegado todos sus conocimientos para brindarnos una lecci\u00f3n magistral sobre marketing. Adem\u00e1s, nos ha contado su trayectoria profesional, y c\u00f3mo acab\u00f3 en un sector apasionante, donde estar al d\u00eda de las tendencias es casi una obligaci\u00f3n, con tal de no quedarse atr\u00e1s.<\/span><\/p>\n<p>&nbsp;<\/p>\n<h2><b>El lado oscuro del marketing<\/b><\/h2>\n<p>&nbsp;<\/p>\n<p><span style=\"font-weight: 400;\">Empezamos fuerte, preguntando por la mala <a href=\"https:\/\/internetrepublica.com\/reputacion-online\/\">reputaci\u00f3n online<\/a> del marketing. En primer lugar, ha querido remarcar el error de generalizar, dado que, como en todos los sectores, hay malas pr\u00e1cticas que en absoluto son definitorias. En el caso de la mercadotecnia, su funci\u00f3n es inocua y sencilla: \u226aen sociedad hay parte de negociaci\u00f3n, de convencer. Ah\u00ed est\u00e1 su ra\u00edz\u226b.\u00a0<\/span><\/p>\n<p>&nbsp;<\/p>\n<p><span style=\"font-weight: 400;\"><strong>\u226aQuien quite valor al marketing es que no lo entiende\u226b<\/strong>. Y a\u00f1ade que la cr\u00edtica procede del desconocimiento, algo comprensible, pues incluso \u00e9l tiene serias dificultades para explicar su profesi\u00f3n a sus familiares.<\/span><\/p>\n<p>&nbsp;<\/p>\n<p><span style=\"font-weight: 400;\">Sin embargo, s\u00ed puede explicar la parte excitante de su trabajo, la ilusi\u00f3n del desaf\u00edo diario, la superaci\u00f3n constante: <strong>\u226alo m\u00e1s estimulante es el reto,<\/strong> ir en busca de la novedad, de resolver problemas a los clientes. Por otro lado, est\u00e1 la rama digital con su gamificaci\u00f3n, basada en la medici\u00f3n de los resultados. Una faceta realmente adictiva\u226b.<\/span><\/p>\n<p>&nbsp;<\/p>\n<h2><b>SEO: el gran dictador de las webs<\/b><\/h2>\n<p>&nbsp;<\/p>\n<p><span style=\"font-weight: 400;\">El <a href=\"https:\/\/internetrepublica.com\/posicionamiento-seo\/\">posicionamiento SEO<\/a>, la cara dulce de Google, dispuesta a premiar las p\u00e1ginas web de calidad, nos recuerda Carlos que al principio era diferente: \u226ael SEO fue denostado porque surge del SPAM, por querer resultados r\u00e1pidos y generar tr\u00e1fico inmediato\u226b.\u00a0<\/span><\/p>\n<p>&nbsp;<\/p>\n<p><span style=\"font-weight: 400;\">Contin\u00faa relatando que todo cambi\u00f3 con el tiempo. <strong>Google aline\u00f3 los factores que posicionan en funci\u00f3n de la experiencia del usuario<\/strong> y con ello benefici\u00f3 a: la creaci\u00f3n de mejores HTML, las arquitecturas webs y la estructuraci\u00f3n de la informaci\u00f3n.<\/span><\/p>\n<p>&nbsp;<\/p>\n<p><span style=\"font-weight: 400;\">De este modo, por poner un ejemplo, se han reducido las discrepancias entre periodistas y profesionales del SEO. Anta\u00f1o peleaban por la manera de redactar el contenido, pues unos defend\u00edan el uso correcto del lenguaje y otros la necesidad de favorecer el posicionamiento. Pero ahora, lo que era una dictadura, se ha convertido en una dictablanda en el m\u00e9todo de enfocar las webs, como en la forma de ejercer la consultor\u00eda: \u226alas recomendaciones tienen que venir negociadas por el impacto, y organizar los recursos responsablemente, y no querer imponer, sino <strong>hacer lo que tenga l\u00f3gica<\/strong>\u226b.<\/span><\/p>\n<p>&nbsp;<\/p>\n<h2><b>\u00bfPor qu\u00e9 las empresas deben estar en TikTok?<\/b><\/h2>\n<p>&nbsp;<\/p>\n<p><span style=\"font-weight: 400;\">Con <a href=\"https:\/\/www.tiktok.com\/@carlosestevez_?lang=es\">38.000 seguidores en TikTok<\/a>, Carlos se ha convertido en un aut\u00e9ntico influencer, dando consejos de marketing digital, desvelando trucos de la app, y ense\u00f1ando herramientas de Inteligencia Artificial. Una afici\u00f3n que naci\u00f3 por estar al d\u00eda de las tendencias y que, a base de probar, le ha permitido descubrir un mundo nuevo, con contenido para todos los p\u00fablicos. Esta variedad, as\u00ed como el <strong>aspecto natural y humano de los creadores<\/strong>, aporta una de las razones para que las corporaciones est\u00e9n en TikTok.\u00a0<\/span><\/p>\n<p>&nbsp;<\/p>\n<p><span style=\"font-weight: 400;\">\u226aLas empresas ausentes est\u00e1n perdiendo una <strong>oportunidad de negocio<\/strong>, si el usuario est\u00e1 ah\u00ed, tienes que entrar, como en el pasado se tom\u00f3 la decisi\u00f3n de abrir una p\u00e1gina de Facebook. Tambi\u00e9n debe haber una<strong> evoluci\u00f3n en la forma de comunicar<\/strong>, no se puede pretender una nota de prensa muy institucional y grabarlo con una producci\u00f3n demasiado cuidada para finalmente publicarlo en un TikTok. La plataforma exige conectar con el usuario y ofrecerle algo interesante para engancharlo\u226b.<\/span><\/p>\n<p>&nbsp;<\/p>\n<h2><b>El \u00e9xito de una agencia de marketing digital<\/b><\/h2>\n<p>&nbsp;<\/p>\n<p><span style=\"font-weight: 400;\">\u00bfC\u00f3mo mantener a clientes de la talla de El Corte Ingl\u00e9s, Vodafone, Mapfre, durante tantos a\u00f1os? Como <a href=\"https:\/\/internetrepublica.com\/\">agencia de marketing digital<\/a>, Carlos afirma que m\u00e1s all\u00e1 de dar un buen servicio,<strong> la clave son las personas.<\/strong> Los clientes perciben que est\u00e1n tratando con un equipo motivado, agradable e implicado; cualidades que superan al conocimiento. A ello tambi\u00e9n contribuyen los jefes, que generan un clima empresarial motivante, facilitando el crecimiento y mostr\u00e1ndose abiertos a escuchar sugerencias.<\/span><\/p>\n<p>&nbsp;<\/p>\n<p><span style=\"font-weight: 400;\">Cuando le preguntamos a Carlos por el rasgo de personalidad que define a Internet Rep\u00fablica, contesta que, sin duda, la <strong>generosidad<\/strong>. \u226aRealmente, si todos fu\u00e9semos individualistas, la agencia no funcionar\u00eda. Al final, aunque cada uno tiene su personalidad, cuando trabajamos en equipo somos una empresa colaborativa, donde tus compa\u00f1eros te ayudan y hay buen ambiente\u226b.<\/span><\/p>\n<p>&nbsp;<\/p>\n<p><span style=\"font-weight: 400;\">Por \u00faltimo, su cargo de director de Operaciones le atribuye la tarea de gestionar equipos, siendo la retenci\u00f3n del talento una de sus prioridades. La lecci\u00f3n que ha aprendido a la fuerza \u2014porque Carlos proviene de la carrera de ingenier\u00eda y no de recursos humanos o empresariales\u2014 es que hay que <strong>dejar de lado al candidato ideal para centrarse en los grupos<\/strong>. Por eso, en las entrevistas laborales aconseja no mirar tanto los t\u00edtulos, y centrarse en si el candidato ha interiorizado su formaci\u00f3n y su experiencia profesional.\u00a0<\/span><\/p>\n<p>&nbsp;<\/p>\n<p><iframe loading=\"lazy\" title=\"La visi\u00f3n de nuestro director de marketing - Entrevistamos a Carlos Est\u00e9vez\" width=\"1060\" height=\"596\" src=\"https:\/\/www.youtube.com\/embed\/uAXT80NhLgk?feature=oembed\" frameborder=\"0\" allow=\"accelerometer; autoplay; clipboard-write; encrypted-media; gyroscope; picture-in-picture; web-share\" referrerpolicy=\"strict-origin-when-cross-origin\" allowfullscreen><\/iframe><\/p>\n<p>&nbsp;<\/p>\n<p>&nbsp;<\/p>\n","protected":false},"excerpt":{"rendered":"<p>Marketing digital, el \u00e9xito, retener el talento, TikTok, SEO, Elon Musk, Twitch\u2026 Son algunos de los temas de una entrevista de actualidad y aprendizaje &nbsp;&#8230;<\/p>\n","protected":false},"author":1,"featured_media":74102,"comment_status":"open","ping_status":"closed","sticky":false,"template":"","format":"standard","meta":{"content-type":"","inline_featured_image":false,"footnotes":""},"categories":[1085],"tags":[],"class_list":["post-74101","post","type-post","status-publish","format-standard","has-post-thumbnail","hentry","category-actualidad"],"yoast_head":"<!-- This site is optimized with the Yoast SEO plugin v27.2 - https:\/\/yoast.com\/product\/yoast-seo-wordpress\/ -->\n<title>La visi\u00f3n del director de marketing - Entrevista a Carlos Est\u00e9vez - Internet Rep\u00fablica<\/title>\n<meta name=\"description\" content=\"Marketing digital, el \u00e9xito, retener el talento, TikTok, SEO, Elon Musk, Twitch\u2026 Son algunos de los temas de una entrevista de actualidad y\" \/>\n<meta name=\"robots\" content=\"index, follow, max-snippet:-1, max-image-preview:large, max-video-preview:-1\" \/>\n<link rel=\"canonical\" href=\"https:\/\/internetrepublica.com\/blog\/la-vision-del-director-de-marketing-entrevista-a-carlos-estevez\/\" \/>\n<meta property=\"og:locale\" content=\"es_ES\" \/>\n<meta property=\"og:type\" content=\"article\" \/>\n<meta property=\"og:title\" content=\"La visi\u00f3n del director de marketing - Entrevista a Carlos Est\u00e9vez - Internet Rep\u00fablica\" \/>\n<meta property=\"og:description\" content=\"Marketing digital, el \u00e9xito, retener el talento, TikTok, SEO, Elon Musk, Twitch\u2026 Son algunos de los temas de una entrevista de actualidad y\" \/>\n<meta property=\"og:url\" content=\"https:\/\/internetrepublica.com\/blog\/la-vision-del-director-de-marketing-entrevista-a-carlos-estevez\/\" \/>\n<meta property=\"og:site_name\" content=\"Internet Rep\u00fablica\" \/>\n<meta property=\"article:published_time\" content=\"2023-02-15T13:00:20+00:00\" \/>\n<meta property=\"article:modified_time\" content=\"2025-04-04T10:04:18+00:00\" \/>\n<meta property=\"og:image\" content=\"https:\/\/internetrepublica.com\/blog\/wp-content\/uploads\/2023\/02\/carlos.png\" \/>\n\t<meta property=\"og:image:width\" content=\"1024\" \/>\n\t<meta property=\"og:image:height\" content=\"512\" \/>\n\t<meta property=\"og:image:type\" content=\"image\/png\" \/>\n<meta name=\"author\" content=\"Internet Rep\u00fablica\" \/>\n<meta name=\"twitter:card\" content=\"summary_large_image\" \/>\n<meta name=\"twitter:label1\" content=\"Escrito por\" \/>\n\t<meta name=\"twitter:data1\" content=\"Internet Rep\u00fablica\" \/>\n\t<meta name=\"twitter:label2\" content=\"Tiempo de lectura\" \/>\n\t<meta name=\"twitter:data2\" content=\"4 minutos\" \/>\n<script type=\"application\/ld+json\" class=\"yoast-schema-graph\">{\"@context\":\"https:\/\/schema.org\",\"@graph\":[{\"@type\":\"Article\",\"@id\":\"https:\/\/internetrepublica.com\/blog\/la-vision-del-director-de-marketing-entrevista-a-carlos-estevez\/#article\",\"isPartOf\":{\"@id\":\"https:\/\/internetrepublica.com\/blog\/la-vision-del-director-de-marketing-entrevista-a-carlos-estevez\/\"},\"author\":{\"name\":\"Internet Rep\u00fablica\",\"@id\":\"https:\/\/internetrepublica.com\/blog\/#\/schema\/person\/547be22fc44e9a2945c76f0d308cdd3e\"},\"headline\":\"La visi\u00f3n del director de marketing &#8211; Entrevista a Carlos Est\u00e9vez\",\"datePublished\":\"2023-02-15T13:00:20+00:00\",\"dateModified\":\"2025-04-04T10:04:18+00:00\",\"mainEntityOfPage\":{\"@id\":\"https:\/\/internetrepublica.com\/blog\/la-vision-del-director-de-marketing-entrevista-a-carlos-estevez\/\"},\"wordCount\":925,\"commentCount\":0,\"image\":{\"@id\":\"https:\/\/internetrepublica.com\/blog\/la-vision-del-director-de-marketing-entrevista-a-carlos-estevez\/#primaryimage\"},\"thumbnailUrl\":\"https:\/\/internetrepublica.com\/blog\/wp-content\/uploads\/2023\/02\/carlos.png\",\"articleSection\":[\"Actualidad\"],\"inLanguage\":\"es\",\"potentialAction\":[{\"@type\":\"CommentAction\",\"name\":\"Comment\",\"target\":[\"https:\/\/internetrepublica.com\/blog\/la-vision-del-director-de-marketing-entrevista-a-carlos-estevez\/#respond\"]}]},{\"@type\":\"WebPage\",\"@id\":\"https:\/\/internetrepublica.com\/blog\/la-vision-del-director-de-marketing-entrevista-a-carlos-estevez\/\",\"url\":\"https:\/\/internetrepublica.com\/blog\/la-vision-del-director-de-marketing-entrevista-a-carlos-estevez\/\",\"name\":\"La visi\u00f3n del director de marketing - Entrevista a Carlos Est\u00e9vez - Internet Rep\u00fablica\",\"isPartOf\":{\"@id\":\"https:\/\/internetrepublica.com\/blog\/#website\"},\"primaryImageOfPage\":{\"@id\":\"https:\/\/internetrepublica.com\/blog\/la-vision-del-director-de-marketing-entrevista-a-carlos-estevez\/#primaryimage\"},\"image\":{\"@id\":\"https:\/\/internetrepublica.com\/blog\/la-vision-del-director-de-marketing-entrevista-a-carlos-estevez\/#primaryimage\"},\"thumbnailUrl\":\"https:\/\/internetrepublica.com\/blog\/wp-content\/uploads\/2023\/02\/carlos.png\",\"datePublished\":\"2023-02-15T13:00:20+00:00\",\"dateModified\":\"2025-04-04T10:04:18+00:00\",\"author\":{\"@id\":\"https:\/\/internetrepublica.com\/blog\/#\/schema\/person\/547be22fc44e9a2945c76f0d308cdd3e\"},\"description\":\"Marketing digital, el \u00e9xito, retener el talento, TikTok, SEO, Elon Musk, Twitch\u2026 Son algunos de los temas de una entrevista de actualidad y\",\"breadcrumb\":{\"@id\":\"https:\/\/internetrepublica.com\/blog\/la-vision-del-director-de-marketing-entrevista-a-carlos-estevez\/#breadcrumb\"},\"inLanguage\":\"es\",\"potentialAction\":[{\"@type\":\"ReadAction\",\"target\":[\"https:\/\/internetrepublica.com\/blog\/la-vision-del-director-de-marketing-entrevista-a-carlos-estevez\/\"]}]},{\"@type\":\"ImageObject\",\"inLanguage\":\"es\",\"@id\":\"https:\/\/internetrepublica.com\/blog\/la-vision-del-director-de-marketing-entrevista-a-carlos-estevez\/#primaryimage\",\"url\":\"https:\/\/internetrepublica.com\/blog\/wp-content\/uploads\/2023\/02\/carlos.png\",\"contentUrl\":\"https:\/\/internetrepublica.com\/blog\/wp-content\/uploads\/2023\/02\/carlos.png\",\"width\":1024,\"height\":512},{\"@type\":\"BreadcrumbList\",\"@id\":\"https:\/\/internetrepublica.com\/blog\/la-vision-del-director-de-marketing-entrevista-a-carlos-estevez\/#breadcrumb\",\"itemListElement\":[{\"@type\":\"ListItem\",\"position\":1,\"name\":\"Agencia Marketing Digital\",\"item\":\"https:\/\/internetrepublica.com\/blog\/\"},{\"@type\":\"ListItem\",\"position\":2,\"name\":\"Actualidad\",\"item\":\"https:\/\/internetrepublica.com\/blog\/actualidad\/\"},{\"@type\":\"ListItem\",\"position\":3,\"name\":\"La visi\u00f3n del director de marketing &#8211; Entrevista a Carlos Est\u00e9vez\",\"item\":\"https:\/\/internetrepublica.com\/blog\/la-vision-del-director-de-marketing-entrevista-a-carlos-estevez\/\"}]},{\"@type\":\"WebSite\",\"@id\":\"https:\/\/internetrepublica.com\/blog\/#website\",\"url\":\"https:\/\/internetrepublica.com\/blog\/\",\"name\":\"Internet Rep\u00fablica\",\"description\":\"Agencia SEO y Marketing Digital\",\"potentialAction\":[{\"@type\":\"SearchAction\",\"target\":{\"@type\":\"EntryPoint\",\"urlTemplate\":\"https:\/\/internetrepublica.com\/blog\/?s={search_term_string}\"},\"query-input\":{\"@type\":\"PropertyValueSpecification\",\"valueRequired\":true,\"valueName\":\"search_term_string\"}}],\"inLanguage\":\"es\"},{\"@type\":\"Person\",\"@id\":\"https:\/\/internetrepublica.com\/blog\/#\/schema\/person\/547be22fc44e9a2945c76f0d308cdd3e\",\"name\":\"Internet Rep\u00fablica\",\"image\":{\"@type\":\"ImageObject\",\"inLanguage\":\"es\",\"@id\":\"https:\/\/secure.gravatar.com\/avatar\/f303900b7bd743ec1572da33a94e29e90ff00d9873c421a374bf023974bd828c?s=96&d=mm&r=g\",\"url\":\"https:\/\/secure.gravatar.com\/avatar\/f303900b7bd743ec1572da33a94e29e90ff00d9873c421a374bf023974bd828c?s=96&d=mm&r=g\",\"contentUrl\":\"https:\/\/secure.gravatar.com\/avatar\/f303900b7bd743ec1572da33a94e29e90ff00d9873c421a374bf023974bd828c?s=96&d=mm&r=g\",\"caption\":\"Internet Rep\u00fablica\"},\"url\":\"https:\/\/internetrepublica.com\/blog\/author\/admin\/\"}]}<\/script>\n<!-- \/ Yoast SEO plugin. -->","yoast_head_json":{"title":"La visi\u00f3n del director de marketing - Entrevista a Carlos Est\u00e9vez - Internet Rep\u00fablica","description":"Marketing digital, el \u00e9xito, retener el talento, TikTok, SEO, Elon Musk, Twitch\u2026 Son algunos de los temas de una entrevista de actualidad y","robots":{"index":"index","follow":"follow","max-snippet":"max-snippet:-1","max-image-preview":"max-image-preview:large","max-video-preview":"max-video-preview:-1"},"canonical":"https:\/\/internetrepublica.com\/blog\/la-vision-del-director-de-marketing-entrevista-a-carlos-estevez\/","og_locale":"es_ES","og_type":"article","og_title":"La visi\u00f3n del director de marketing - Entrevista a Carlos Est\u00e9vez - Internet Rep\u00fablica","og_description":"Marketing digital, el \u00e9xito, retener el talento, TikTok, SEO, Elon Musk, Twitch\u2026 Son algunos de los temas de una entrevista de actualidad y","og_url":"https:\/\/internetrepublica.com\/blog\/la-vision-del-director-de-marketing-entrevista-a-carlos-estevez\/","og_site_name":"Internet Rep\u00fablica","article_published_time":"2023-02-15T13:00:20+00:00","article_modified_time":"2025-04-04T10:04:18+00:00","og_image":[{"width":1024,"height":512,"url":"https:\/\/internetrepublica.com\/blog\/wp-content\/uploads\/2023\/02\/carlos.png","type":"image\/png"}],"author":"Internet Rep\u00fablica","twitter_card":"summary_large_image","twitter_misc":{"Escrito por":"Internet Rep\u00fablica","Tiempo de lectura":"4 minutos"},"schema":{"@context":"https:\/\/schema.org","@graph":[{"@type":"Article","@id":"https:\/\/internetrepublica.com\/blog\/la-vision-del-director-de-marketing-entrevista-a-carlos-estevez\/#article","isPartOf":{"@id":"https:\/\/internetrepublica.com\/blog\/la-vision-del-director-de-marketing-entrevista-a-carlos-estevez\/"},"author":{"name":"Internet Rep\u00fablica","@id":"https:\/\/internetrepublica.com\/blog\/#\/schema\/person\/547be22fc44e9a2945c76f0d308cdd3e"},"headline":"La visi\u00f3n del director de marketing &#8211; Entrevista a Carlos Est\u00e9vez","datePublished":"2023-02-15T13:00:20+00:00","dateModified":"2025-04-04T10:04:18+00:00","mainEntityOfPage":{"@id":"https:\/\/internetrepublica.com\/blog\/la-vision-del-director-de-marketing-entrevista-a-carlos-estevez\/"},"wordCount":925,"commentCount":0,"image":{"@id":"https:\/\/internetrepublica.com\/blog\/la-vision-del-director-de-marketing-entrevista-a-carlos-estevez\/#primaryimage"},"thumbnailUrl":"https:\/\/internetrepublica.com\/blog\/wp-content\/uploads\/2023\/02\/carlos.png","articleSection":["Actualidad"],"inLanguage":"es","potentialAction":[{"@type":"CommentAction","name":"Comment","target":["https:\/\/internetrepublica.com\/blog\/la-vision-del-director-de-marketing-entrevista-a-carlos-estevez\/#respond"]}]},{"@type":"WebPage","@id":"https:\/\/internetrepublica.com\/blog\/la-vision-del-director-de-marketing-entrevista-a-carlos-estevez\/","url":"https:\/\/internetrepublica.com\/blog\/la-vision-del-director-de-marketing-entrevista-a-carlos-estevez\/","name":"La visi\u00f3n del director de marketing - Entrevista a Carlos Est\u00e9vez - Internet Rep\u00fablica","isPartOf":{"@id":"https:\/\/internetrepublica.com\/blog\/#website"},"primaryImageOfPage":{"@id":"https:\/\/internetrepublica.com\/blog\/la-vision-del-director-de-marketing-entrevista-a-carlos-estevez\/#primaryimage"},"image":{"@id":"https:\/\/internetrepublica.com\/blog\/la-vision-del-director-de-marketing-entrevista-a-carlos-estevez\/#primaryimage"},"thumbnailUrl":"https:\/\/internetrepublica.com\/blog\/wp-content\/uploads\/2023\/02\/carlos.png","datePublished":"2023-02-15T13:00:20+00:00","dateModified":"2025-04-04T10:04:18+00:00","author":{"@id":"https:\/\/internetrepublica.com\/blog\/#\/schema\/person\/547be22fc44e9a2945c76f0d308cdd3e"},"description":"Marketing digital, el \u00e9xito, retener el talento, TikTok, SEO, Elon Musk, Twitch\u2026 Son algunos de los temas de una entrevista de actualidad y","breadcrumb":{"@id":"https:\/\/internetrepublica.com\/blog\/la-vision-del-director-de-marketing-entrevista-a-carlos-estevez\/#breadcrumb"},"inLanguage":"es","potentialAction":[{"@type":"ReadAction","target":["https:\/\/internetrepublica.com\/blog\/la-vision-del-director-de-marketing-entrevista-a-carlos-estevez\/"]}]},{"@type":"ImageObject","inLanguage":"es","@id":"https:\/\/internetrepublica.com\/blog\/la-vision-del-director-de-marketing-entrevista-a-carlos-estevez\/#primaryimage","url":"https:\/\/internetrepublica.com\/blog\/wp-content\/uploads\/2023\/02\/carlos.png","contentUrl":"https:\/\/internetrepublica.com\/blog\/wp-content\/uploads\/2023\/02\/carlos.png","width":1024,"height":512},{"@type":"BreadcrumbList","@id":"https:\/\/internetrepublica.com\/blog\/la-vision-del-director-de-marketing-entrevista-a-carlos-estevez\/#breadcrumb","itemListElement":[{"@type":"ListItem","position":1,"name":"Agencia Marketing Digital","item":"https:\/\/internetrepublica.com\/blog\/"},{"@type":"ListItem","position":2,"name":"Actualidad","item":"https:\/\/internetrepublica.com\/blog\/actualidad\/"},{"@type":"ListItem","position":3,"name":"La visi\u00f3n del director de marketing &#8211; Entrevista a Carlos Est\u00e9vez","item":"https:\/\/internetrepublica.com\/blog\/la-vision-del-director-de-marketing-entrevista-a-carlos-estevez\/"}]},{"@type":"WebSite","@id":"https:\/\/internetrepublica.com\/blog\/#website","url":"https:\/\/internetrepublica.com\/blog\/","name":"Internet Rep\u00fablica","description":"Agencia SEO y Marketing Digital","potentialAction":[{"@type":"SearchAction","target":{"@type":"EntryPoint","urlTemplate":"https:\/\/internetrepublica.com\/blog\/?s={search_term_string}"},"query-input":{"@type":"PropertyValueSpecification","valueRequired":true,"valueName":"search_term_string"}}],"inLanguage":"es"},{"@type":"Person","@id":"https:\/\/internetrepublica.com\/blog\/#\/schema\/person\/547be22fc44e9a2945c76f0d308cdd3e","name":"Internet Rep\u00fablica","image":{"@type":"ImageObject","inLanguage":"es","@id":"https:\/\/secure.gravatar.com\/avatar\/f303900b7bd743ec1572da33a94e29e90ff00d9873c421a374bf023974bd828c?s=96&d=mm&r=g","url":"https:\/\/secure.gravatar.com\/avatar\/f303900b7bd743ec1572da33a94e29e90ff00d9873c421a374bf023974bd828c?s=96&d=mm&r=g","contentUrl":"https:\/\/secure.gravatar.com\/avatar\/f303900b7bd743ec1572da33a94e29e90ff00d9873c421a374bf023974bd828c?s=96&d=mm&r=g","caption":"Internet Rep\u00fablica"},"url":"https:\/\/internetrepublica.com\/blog\/author\/admin\/"}]}},"_links":{"self":[{"href":"https:\/\/internetrepublica.com\/blog\/wp-json\/wp\/v2\/posts\/74101","targetHints":{"allow":["GET"]}}],"collection":[{"href":"https:\/\/internetrepublica.com\/blog\/wp-json\/wp\/v2\/posts"}],"about":[{"href":"https:\/\/internetrepublica.com\/blog\/wp-json\/wp\/v2\/types\/post"}],"author":[{"embeddable":true,"href":"https:\/\/internetrepublica.com\/blog\/wp-json\/wp\/v2\/users\/1"}],"replies":[{"embeddable":true,"href":"https:\/\/internetrepublica.com\/blog\/wp-json\/wp\/v2\/comments?post=74101"}],"version-history":[{"count":4,"href":"https:\/\/internetrepublica.com\/blog\/wp-json\/wp\/v2\/posts\/74101\/revisions"}],"predecessor-version":[{"id":77644,"href":"https:\/\/internetrepublica.com\/blog\/wp-json\/wp\/v2\/posts\/74101\/revisions\/77644"}],"wp:featuredmedia":[{"embeddable":true,"href":"https:\/\/internetrepublica.com\/blog\/wp-json\/wp\/v2\/media\/74102"}],"wp:attachment":[{"href":"https:\/\/internetrepublica.com\/blog\/wp-json\/wp\/v2\/media?parent=74101"}],"wp:term":[{"taxonomy":"category","embeddable":true,"href":"https:\/\/internetrepublica.com\/blog\/wp-json\/wp\/v2\/categories?post=74101"},{"taxonomy":"post_tag","embeddable":true,"href":"https:\/\/internetrepublica.com\/blog\/wp-json\/wp\/v2\/tags?post=74101"}],"curies":[{"name":"wp","href":"https:\/\/api.w.org\/{rel}","templated":true}]}}