{"id":72246,"date":"2021-04-23T15:24:14","date_gmt":"2021-04-23T13:24:14","guid":{"rendered":"https:\/\/internetrepublica.com\/?p=72246"},"modified":"2021-04-23T15:24:14","modified_gmt":"2021-04-23T13:24:14","slug":"recomendaciones-sobre-marketing-para-el-dia-del-libro","status":"publish","type":"post","link":"https:\/\/internetrepublica.com\/blog\/recomendaciones-sobre-marketing-para-el-dia-del-libro\/","title":{"rendered":"Recomendaciones sobre marketing para el D\u00eda del Libro"},"content":{"rendered":"<p>Hola, comunidad<br \/>\nComo sab\u00e9is el 23 de abril se celebra el D\u00eda Internacional del Libro. En algunos lugares como Catalu\u00f1a, se celebra adem\u00e1s el Dia de Sant Jordi, una aut\u00e9ntica fiesta en la que los libros salen a la calle, aunque este a\u00f1o de forma un poco m\u00e1s limitada como consecuencia de las restricciones Covid.<br \/>\nNo hemos querido dejar pasar la oportunidad de recomendarte algunos libros sobre marketing, SEO y redes sociales. Unos son inspiradores, otros son m\u00e1s pr\u00e1cticos, algunos son digitales&#8230; y gratuitos \ud83d\ude42<br \/>\nAqu\u00ed va nuestra lista de recomendados.<\/p>\n<h2>Crea y divaga: Vida y reflexiones de Jeff Bezos<\/h2>\n<p><img loading=\"lazy\" decoding=\"async\" class=\"aligncenter size-full wp-image-72255\" src=\"https:\/\/internetrepublica.com\/wp-content\/uploads\/2021\/04\/descarga.jpg\" alt=\"\" width=\"176\" height=\"266\" \/><\/p>\n<p>El fundador de Amazon revela en<span style=\"color: #ff6600;\"><a style=\"color: #ff6600;\" href=\"https:\/\/www.amazon.es\/Crea-divaga-reflexiones-Bezos-Ficci%C3%B3n\/dp\/8408236202\/ref=as_li_ss_tl?__mk_es_ES=%C3%85M%C3%85%C5%BD%C3%95%C3%91&amp;dchild=1&amp;keywords=jeff+bezos&amp;qid=1608630164&amp;sr=8-1&amp;linkCode=sl1&amp;tag=m4c-21&amp;linkId=93995b0a1921b07f27fe3833a05b5a1f&amp;language=es_ES\" target=\"_blank\" rel=\"noopener noreferrer\"> este libro<\/a><\/span> las claves de su \u00e9xito empresarial, y c\u00f3mo consigui\u00f3 hacer crecer su negocio de comercio electr\u00f3nico hasta convertirlo en el imperio que es hoy.<br \/>\nSon muy interesantes sus reflexiones sobre todas las empresas que tratan de innovar y fracasan (ya sabemos que del fracaso no se suele hablar, pero existe), y de su obsesi\u00f3n por convertir Amazon en la empresa m\u00e1s orientada al cliente del mundo.<\/p>\n<h2>Aprende SEO con los y las mejores<\/h2>\n<p><img loading=\"lazy\" decoding=\"async\" class=\"aligncenter wp-image-72259\" src=\"https:\/\/internetrepublica.com\/wp-content\/uploads\/2021\/04\/image-10.png\" alt=\"\" width=\"601\" height=\"301\" srcset=\"https:\/\/internetrepublica.com\/blog\/wp-content\/uploads\/2021\/04\/image-10.png 1024w, https:\/\/internetrepublica.com\/blog\/wp-content\/uploads\/2021\/04\/image-10-300x150.png 300w, https:\/\/internetrepublica.com\/blog\/wp-content\/uploads\/2021\/04\/image-10-768x384.png 768w, https:\/\/internetrepublica.com\/blog\/wp-content\/uploads\/2021\/04\/image-10-1000x500.png 1000w, https:\/\/internetrepublica.com\/blog\/wp-content\/uploads\/2021\/04\/image-10-700x350.png 700w\" sizes=\"auto, (max-width: 601px) 100vw, 601px\" \/><\/p>\n<p>Este ebook gratuito es el resultado de una iniciativa de <span style=\"color: #ff6600;\"><a style=\"color: #ff6600;\" href=\"https:\/\/www.siteground.es\/\" target=\"_blank\" rel=\"noopener noreferrer\">Siteground<\/a> <\/span>en la que por primera vez se han reunido algunos de los mejores profesionales SEO de Espa\u00f1a \u2013 28 en total- para colaborar en una gu\u00eda que abarca el SEO en todas sus facetas y lo acerca a todo tipo de p\u00fablico.<\/p>\n<p>Tanto si eres un experto SEO, trabajas en marketing digital o te est\u00e1s iniciando en el mundo del posicionamiento web, encontrar\u00e1s un cap\u00edtulo interesante para ti, y sobre todo, un libro de cabecera para consultar cuando lo necesites. Adem\u00e1s <span style=\"color: #ff6600;\"><a style=\"color: #ff6600;\" href=\"https:\/\/www.siteground.es\/ebook-posicionamiento-seo\" target=\"_blank\" rel=\"noopener noreferrer\">es gratuito y puedes descargarlo aqu\u00ed<\/a><\/span>.<\/p>\n<p>En este libro encontrar\u00e1s cap\u00edtulos sobre SEO t\u00e9cnico y SEO OnPage, estrategias de contenido, SEO OffPage, etc. En \u00e9l han colaborado 3 expertos SEO de Internet Rep\u00fablica.<\/p>\n<p><span style=\"color: #ff6600;\"><a style=\"color: #ff6600;\" href=\"https:\/\/www.linkedin.com\/in\/estevezcarlos\/\" target=\"_blank\" rel=\"noopener noreferrer\">Carlos Est\u00e9vez<\/a><\/span>, Director de Operaciones, firma el cap\u00edtulo sobre estructura web.<br \/>\n<span style=\"color: #ff6600;\"><a style=\"color: #ff6600;\" href=\"https:\/\/www.linkedin.com\/in\/laura-lopez-yoseseo\/\" target=\"_blank\" rel=\"noopener noreferrer\">Laura L\u00f3pez<\/a>,<\/span> SEO Manager, escribe sobre SEO y Javascript.<br \/>\nY <span style=\"color: #ff6600;\"><a style=\"color: #ff6600;\" href=\"https:\/\/www.linkedin.com\/in\/jorgegonzalezkoke\/\" target=\"_blank\" rel=\"noopener noreferrer\">Jorge Gonz\u00e1lez<\/a><\/span>, responsable de Internet Rep\u00fablica en Barcelona, ha coordinado la edici\u00f3n del libro y adem\u00e1s ha escrito los cap\u00edtulos sobre Google y buscadores, y SEO local.<\/p>\n<p>En<span style=\"color: #ff6600;\"><a style=\"color: #ff6600;\" href=\"https:\/\/internetrepublica.com\/aprende-seo-con-los-y-las-mejores-el-ebook-gratuito-mas-completo-en-espanol-escrito-por-profesionales\/\" target=\"_blank\" rel=\"noopener noreferrer\"> este post<\/a><\/span> puedes ver el video en el que Carlos, Laura y Koke te cuentan por qu\u00e9 deber\u00edas tener este ebook siempre a mano.<\/p>\n<h2>El libro de Tik Tok<\/h2>\n<p><img loading=\"lazy\" decoding=\"async\" class=\"aligncenter wp-image-72263\" src=\"https:\/\/internetrepublica.com\/wp-content\/uploads\/2021\/04\/MU00525501_web1000.jpg\" alt=\"\" width=\"293\" height=\"438\" srcset=\"https:\/\/internetrepublica.com\/blog\/wp-content\/uploads\/2021\/04\/MU00525501_web1000.jpg 1000w, https:\/\/internetrepublica.com\/blog\/wp-content\/uploads\/2021\/04\/MU00525501_web1000-201x300.jpg 201w, https:\/\/internetrepublica.com\/blog\/wp-content\/uploads\/2021\/04\/MU00525501_web1000-686x1024.jpg 686w, https:\/\/internetrepublica.com\/blog\/wp-content\/uploads\/2021\/04\/MU00525501_web1000-768x1147.jpg 768w, https:\/\/internetrepublica.com\/blog\/wp-content\/uploads\/2021\/04\/MU00525501_web1000-700x1045.jpg 700w\" sizes=\"auto, (max-width: 293px) 100vw, 293px\" \/><\/p>\n<p>\u00bfPor qu\u00e9 TikTok es diferente al resto de plataformas sociales, y c\u00f3mo se ha convertido en el nuevo El Dorado de las redes tanto para creadores de contenidos, como para influencers, emprendedores, empresas y marcas?<\/p>\n<p>A estas preguntas responde <span style=\"color: #ff6600;\"><a style=\"color: #ff6600;\" href=\"https:\/\/www.linkedin.com\/in\/fatimamartinezlopez\" target=\"_blank\" rel=\"noopener noreferrer\">F\u00e1tima Mart\u00ednez<\/a><\/span> en el libro que ha publicado con Editorial Anaya. No se trata de un libro para ni\u00f1os o j\u00f3venes, sino que est\u00e1 muy orientado a profesionales y empresas que quieran usar Tik Tok para mejorar su marca personal o poner en valor su negocio.<\/p>\n<p>F\u00e1tima es una de las pioneras en aprovechar las oportunidades de Tik Tok para impulsar su marca personal y profesional creando contenidos sobre marketing y redes sociales en esta red social. Y es que como nos comenta la propia F\u00e1tima, Tik Tok es una red absolutamente desconocida, no de nombre, sino para qu\u00e9 sirve y para qu\u00e9 se utiliza. &#8220;Mucha gente sigue pensando que es una red para ni\u00f1os y adolescentes que lo utilizan para hacer bailes, temas c\u00f3micos o challenges, pero realmente hay much\u00edsimo m\u00e1s dentro de Tik Tok. Somos ya muchos los profesionales que estamos compartiendo contenido \u00fatil, cada uno dentro de nuestro sector: m\u00e9dicos, abogados, ingenieros, recursos humanos, protocolo&#8230;&#8221;<\/p>\n<p>En &#8220;<span style=\"color: #ff6600;\"><a style=\"color: #ff6600;\" href=\"https:\/\/fatimamartinez.es\/mis-libros\/\" target=\"_blank\" rel=\"noopener noreferrer\">El libro de Tik Tok&#8221;<\/a><\/span>, F\u00e1tima ha invitado a a 11 tik tokers que tienen entre 300.000 seguidores y 1.300.000 a contar su experiencia, c\u00f3mo comenzaron en Tik Tok y cu\u00e1l fue su estrategia para ir creciendo en popularidad. Adem\u00e1s, el libro es un detallado manual de uso que ofrece tambi\u00e9n estrategias, herramientas, trucos, y claves sobre c\u00f3mo hacer publicidad y monetizar.<\/p>\n<h2>Teletrabajar bien<\/h2>\n<p><img loading=\"lazy\" decoding=\"async\" class=\"aligncenter size-full wp-image-72267\" src=\"https:\/\/internetrepublica.com\/wp-content\/uploads\/2021\/04\/9788418118487.jpg\" alt=\"\" width=\"229\" height=\"349\" srcset=\"https:\/\/internetrepublica.com\/blog\/wp-content\/uploads\/2021\/04\/9788418118487.jpg 229w, https:\/\/internetrepublica.com\/blog\/wp-content\/uploads\/2021\/04\/9788418118487-197x300.jpg 197w\" sizes=\"auto, (max-width: 229px) 100vw, 229px\" \/>Este no es un libro de marketing, pero trata un tema que ha afectado a muchos marketeros as\u00ed, de sopet\u00f3n, y sin apenas habernos dado tiempo a acostumbrarnos. Con la pandemia lleg\u00f3 el teletrabajo a nuestras vidas, y s\u00ed, parece que ha llegado para quedarse.<\/p>\n<p>Para los que todav\u00eda no logr\u00e1is acostumbraros a esta nueva forma de trabajar, si os resulta dif\u00edcil lidiar con el estr\u00e9s o los problemas de conciliaci\u00f3n que esta nueva situaci\u00f3n puede provocar, la soci\u00f3loga Alicia Aradilla, especializada en teletrabajo, ha publicado <span style=\"color: #ff6600;\"><a style=\"color: #ff6600;\" href=\"https:\/\/www.casadellibro.com\/libro-teletrabajar-bien\/9788418118487\/12074200?gclid=Cj0KCQjw4ImEBhDFARIsAGOTMj-uGPwKmB6L1E3-FB2CYNWkNNm7U1t9M5Jg4GNtOLLO5LUWW8Q3esoaAvRgEALw_wcB\" target=\"_blank\" rel=\"noopener noreferrer\">esta gu\u00eda<\/a><\/span> con consejos y claves para que el trabajo en casa se convierta en tu aliado, y no en tu enemigo:\u00a0 c\u00f3mo montar tu oficina en casa, gestionar tus tareas, organizar mejor tu tiempo, comunicarte eficazmente con tus compa\u00f1eros y clientes desde la distancia, mejorar tu productividad y conciliar tu espacio y tu tiempo personal y laboral.<\/p>\n<h2>BONUS: #Booktok, la tendencia que arrasa en Tik Tok entre los amantes de la lectura<\/h2>\n<p><img loading=\"lazy\" decoding=\"async\" class=\"aligncenter wp-image-72271\" src=\"https:\/\/internetrepublica.com\/wp-content\/uploads\/2021\/04\/Tik-Tok.png\" alt=\"\" width=\"520\" height=\"277\" srcset=\"https:\/\/internetrepublica.com\/blog\/wp-content\/uploads\/2021\/04\/Tik-Tok.png 924w, https:\/\/internetrepublica.com\/blog\/wp-content\/uploads\/2021\/04\/Tik-Tok-300x160.png 300w, https:\/\/internetrepublica.com\/blog\/wp-content\/uploads\/2021\/04\/Tik-Tok-768x409.png 768w, https:\/\/internetrepublica.com\/blog\/wp-content\/uploads\/2021\/04\/Tik-Tok-700x373.png 700w\" sizes=\"auto, (max-width: 520px) 100vw, 520px\" \/><\/p>\n<p>Tik Tok sigue impulsando las tendencias culturales entre su comunidad y fortaleciendo v\u00ednculos entre usuarios con aficiones e intereses afines. <span style=\"color: #ff6600;\"><a style=\"color: #ff6600;\" href=\"https:\/\/newsroom.tiktok.com\/es-es\/booktok-nueva-tendencia-tiktok-amantes-lectura\">La nueva tendencia #BookTok<\/a><\/span> ya acumula 7 mil millones de visualizaciones, y est\u00e1 revolucionando la manera en la que los usuarios comparten su afici\u00f3n por los libros y el mercado editorial.<\/p>\n<p>#Booktok tambi\u00e9n ha llegado a Espa\u00f1a, donde muchos creadores se han sumado a la iniciativa compartiendo videos sobre sus t\u00edtulos preferidos. Y para celebrarlo, a partir de hoy con motivo del D\u00eda Internacional del libro, y cada mi\u00e9rcoles, Tik Tok acoger\u00e1 directos con creadores sobre recomendaciones de libros, charlas con autores, nuevos lanzamientos, etc.<\/p>\n<p>Y hasta aqu\u00ed nuestras recomendaciones para este D\u00eda del Libro. Si quieres contarnos cu\u00e1l es tu libro de cabecera sobre marketing que deber\u00edamos leer, te leemos en los comentarios \ud83d\ude42<\/p>\n","protected":false},"excerpt":{"rendered":"<p>Hola, comunidad Como sab\u00e9is el 23 de abril se celebra el D\u00eda Internacional del Libro. En algunos lugares como Catalu\u00f1a, se celebra adem\u00e1s el Dia&#8230;<\/p>\n","protected":false},"author":74,"featured_media":72247,"comment_status":"open","ping_status":"closed","sticky":false,"template":"","format":"standard","meta":{"content-type":"","inline_featured_image":false,"footnotes":""},"categories":[1085,110,119,120],"tags":[636,41],"class_list":["post-72246","post","type-post","status-publish","format-standard","has-post-thumbnail","hentry","category-actualidad","category-marketing","category-seo","category-social-media","tag-marketing-2-mx","tag-social-media"],"yoast_head":"<!-- This site is optimized with the Yoast SEO plugin v27.2 - https:\/\/yoast.com\/product\/yoast-seo-wordpress\/ -->\n<title>Recomendaciones sobre marketing para el D\u00eda del Libro - Internet Rep\u00fablica<\/title>\n<meta name=\"description\" content=\"Hola, comunidad Como sab\u00e9is el 23 de abril se celebra el D\u00eda Internacional del Libro. En algunos lugares como Catalu\u00f1a, se celebra adem\u00e1s el Dia de Sant\" \/>\n<meta name=\"robots\" content=\"index, follow, max-snippet:-1, max-image-preview:large, max-video-preview:-1\" \/>\n<link rel=\"canonical\" href=\"https:\/\/internetrepublica.com\/blog\/recomendaciones-sobre-marketing-para-el-dia-del-libro\/\" \/>\n<meta property=\"og:locale\" content=\"es_ES\" \/>\n<meta property=\"og:type\" content=\"article\" \/>\n<meta property=\"og:title\" content=\"Recomendaciones sobre marketing para el D\u00eda del Libro - Internet Rep\u00fablica\" \/>\n<meta property=\"og:description\" content=\"Hola, comunidad Como sab\u00e9is el 23 de abril se celebra el D\u00eda Internacional del Libro. En algunos lugares como Catalu\u00f1a, se celebra adem\u00e1s el Dia de Sant\" \/>\n<meta property=\"og:url\" content=\"https:\/\/internetrepublica.com\/blog\/recomendaciones-sobre-marketing-para-el-dia-del-libro\/\" \/>\n<meta property=\"og:site_name\" content=\"Internet Rep\u00fablica\" \/>\n<meta property=\"article:published_time\" content=\"2021-04-23T13:24:14+00:00\" \/>\n<meta property=\"og:image\" content=\"https:\/\/internetrepublica.com\/blog\/wp-content\/uploads\/2021\/04\/image-46.png\" \/>\n\t<meta property=\"og:image:width\" content=\"1024\" \/>\n\t<meta property=\"og:image:height\" content=\"512\" \/>\n\t<meta property=\"og:image:type\" content=\"image\/png\" \/>\n<meta name=\"author\" content=\"Bel\u00e9n S\u00e1nchez\" \/>\n<meta name=\"twitter:card\" content=\"summary_large_image\" \/>\n<meta name=\"twitter:label1\" content=\"Escrito por\" \/>\n\t<meta name=\"twitter:data1\" content=\"Bel\u00e9n S\u00e1nchez\" \/>\n\t<meta name=\"twitter:label2\" content=\"Tiempo de lectura\" \/>\n\t<meta name=\"twitter:data2\" content=\"6 minutos\" \/>\n<script type=\"application\/ld+json\" class=\"yoast-schema-graph\">{\"@context\":\"https:\/\/schema.org\",\"@graph\":[{\"@type\":\"Article\",\"@id\":\"https:\/\/internetrepublica.com\/blog\/recomendaciones-sobre-marketing-para-el-dia-del-libro\/#article\",\"isPartOf\":{\"@id\":\"https:\/\/internetrepublica.com\/blog\/recomendaciones-sobre-marketing-para-el-dia-del-libro\/\"},\"author\":{\"name\":\"Bel\u00e9n S\u00e1nchez\",\"@id\":\"https:\/\/internetrepublica.com\/blog\/#\/schema\/person\/59a7e91d649578b47b5a2cbb936dd92a\"},\"headline\":\"Recomendaciones sobre marketing para el D\u00eda del Libro\",\"datePublished\":\"2021-04-23T13:24:14+00:00\",\"mainEntityOfPage\":{\"@id\":\"https:\/\/internetrepublica.com\/blog\/recomendaciones-sobre-marketing-para-el-dia-del-libro\/\"},\"wordCount\":1011,\"commentCount\":0,\"image\":{\"@id\":\"https:\/\/internetrepublica.com\/blog\/recomendaciones-sobre-marketing-para-el-dia-del-libro\/#primaryimage\"},\"thumbnailUrl\":\"https:\/\/internetrepublica.com\/blog\/wp-content\/uploads\/2021\/04\/image-46.png\",\"keywords\":[\"marketing\",\"Social Media\"],\"articleSection\":[\"Actualidad\",\"Marketing\",\"SEO\",\"Social Media\"],\"inLanguage\":\"es\",\"potentialAction\":[{\"@type\":\"CommentAction\",\"name\":\"Comment\",\"target\":[\"https:\/\/internetrepublica.com\/blog\/recomendaciones-sobre-marketing-para-el-dia-del-libro\/#respond\"]}]},{\"@type\":\"WebPage\",\"@id\":\"https:\/\/internetrepublica.com\/blog\/recomendaciones-sobre-marketing-para-el-dia-del-libro\/\",\"url\":\"https:\/\/internetrepublica.com\/blog\/recomendaciones-sobre-marketing-para-el-dia-del-libro\/\",\"name\":\"Recomendaciones sobre marketing para el D\u00eda del Libro - Internet Rep\u00fablica\",\"isPartOf\":{\"@id\":\"https:\/\/internetrepublica.com\/blog\/#website\"},\"primaryImageOfPage\":{\"@id\":\"https:\/\/internetrepublica.com\/blog\/recomendaciones-sobre-marketing-para-el-dia-del-libro\/#primaryimage\"},\"image\":{\"@id\":\"https:\/\/internetrepublica.com\/blog\/recomendaciones-sobre-marketing-para-el-dia-del-libro\/#primaryimage\"},\"thumbnailUrl\":\"https:\/\/internetrepublica.com\/blog\/wp-content\/uploads\/2021\/04\/image-46.png\",\"datePublished\":\"2021-04-23T13:24:14+00:00\",\"author\":{\"@id\":\"https:\/\/internetrepublica.com\/blog\/#\/schema\/person\/59a7e91d649578b47b5a2cbb936dd92a\"},\"description\":\"Hola, comunidad Como sab\u00e9is el 23 de abril se celebra el D\u00eda Internacional del Libro. En algunos lugares como Catalu\u00f1a, se celebra adem\u00e1s el Dia de Sant\",\"breadcrumb\":{\"@id\":\"https:\/\/internetrepublica.com\/blog\/recomendaciones-sobre-marketing-para-el-dia-del-libro\/#breadcrumb\"},\"inLanguage\":\"es\",\"potentialAction\":[{\"@type\":\"ReadAction\",\"target\":[\"https:\/\/internetrepublica.com\/blog\/recomendaciones-sobre-marketing-para-el-dia-del-libro\/\"]}]},{\"@type\":\"ImageObject\",\"inLanguage\":\"es\",\"@id\":\"https:\/\/internetrepublica.com\/blog\/recomendaciones-sobre-marketing-para-el-dia-del-libro\/#primaryimage\",\"url\":\"https:\/\/internetrepublica.com\/blog\/wp-content\/uploads\/2021\/04\/image-46.png\",\"contentUrl\":\"https:\/\/internetrepublica.com\/blog\/wp-content\/uploads\/2021\/04\/image-46.png\",\"width\":1024,\"height\":512},{\"@type\":\"BreadcrumbList\",\"@id\":\"https:\/\/internetrepublica.com\/blog\/recomendaciones-sobre-marketing-para-el-dia-del-libro\/#breadcrumb\",\"itemListElement\":[{\"@type\":\"ListItem\",\"position\":1,\"name\":\"Agencia Marketing Digital\",\"item\":\"https:\/\/internetrepublica.com\/blog\/\"},{\"@type\":\"ListItem\",\"position\":2,\"name\":\"Actualidad\",\"item\":\"https:\/\/internetrepublica.com\/blog\/actualidad\/\"},{\"@type\":\"ListItem\",\"position\":3,\"name\":\"Recomendaciones sobre marketing para el D\u00eda del Libro\",\"item\":\"https:\/\/internetrepublica.com\/blog\/recomendaciones-sobre-marketing-para-el-dia-del-libro\/\"}]},{\"@type\":\"WebSite\",\"@id\":\"https:\/\/internetrepublica.com\/blog\/#website\",\"url\":\"https:\/\/internetrepublica.com\/blog\/\",\"name\":\"Internet Rep\u00fablica\",\"description\":\"Agencia SEO y Marketing Digital\",\"potentialAction\":[{\"@type\":\"SearchAction\",\"target\":{\"@type\":\"EntryPoint\",\"urlTemplate\":\"https:\/\/internetrepublica.com\/blog\/?s={search_term_string}\"},\"query-input\":{\"@type\":\"PropertyValueSpecification\",\"valueRequired\":true,\"valueName\":\"search_term_string\"}}],\"inLanguage\":\"es\"},{\"@type\":\"Person\",\"@id\":\"https:\/\/internetrepublica.com\/blog\/#\/schema\/person\/59a7e91d649578b47b5a2cbb936dd92a\",\"name\":\"Bel\u00e9n S\u00e1nchez\",\"image\":{\"@type\":\"ImageObject\",\"inLanguage\":\"es\",\"@id\":\"https:\/\/secure.gravatar.com\/avatar\/2380b6fe13fa5d6d5c0295d15837ac67523d2d1f1f07bb299e6629bcdda8e91f?s=96&d=mm&r=g\",\"url\":\"https:\/\/secure.gravatar.com\/avatar\/2380b6fe13fa5d6d5c0295d15837ac67523d2d1f1f07bb299e6629bcdda8e91f?s=96&d=mm&r=g\",\"contentUrl\":\"https:\/\/secure.gravatar.com\/avatar\/2380b6fe13fa5d6d5c0295d15837ac67523d2d1f1f07bb299e6629bcdda8e91f?s=96&d=mm&r=g\",\"caption\":\"Bel\u00e9n S\u00e1nchez\"},\"url\":\"https:\/\/internetrepublica.com\/blog\/author\/belen\/\"}]}<\/script>\n<!-- \/ Yoast SEO plugin. -->","yoast_head_json":{"title":"Recomendaciones sobre marketing para el D\u00eda del Libro - Internet Rep\u00fablica","description":"Hola, comunidad Como sab\u00e9is el 23 de abril se celebra el D\u00eda Internacional del Libro. En algunos lugares como Catalu\u00f1a, se celebra adem\u00e1s el Dia de Sant","robots":{"index":"index","follow":"follow","max-snippet":"max-snippet:-1","max-image-preview":"max-image-preview:large","max-video-preview":"max-video-preview:-1"},"canonical":"https:\/\/internetrepublica.com\/blog\/recomendaciones-sobre-marketing-para-el-dia-del-libro\/","og_locale":"es_ES","og_type":"article","og_title":"Recomendaciones sobre marketing para el D\u00eda del Libro - Internet Rep\u00fablica","og_description":"Hola, comunidad Como sab\u00e9is el 23 de abril se celebra el D\u00eda Internacional del Libro. En algunos lugares como Catalu\u00f1a, se celebra adem\u00e1s el Dia de Sant","og_url":"https:\/\/internetrepublica.com\/blog\/recomendaciones-sobre-marketing-para-el-dia-del-libro\/","og_site_name":"Internet Rep\u00fablica","article_published_time":"2021-04-23T13:24:14+00:00","og_image":[{"width":1024,"height":512,"url":"https:\/\/internetrepublica.com\/blog\/wp-content\/uploads\/2021\/04\/image-46.png","type":"image\/png"}],"author":"Bel\u00e9n S\u00e1nchez","twitter_card":"summary_large_image","twitter_misc":{"Escrito por":"Bel\u00e9n S\u00e1nchez","Tiempo de lectura":"6 minutos"},"schema":{"@context":"https:\/\/schema.org","@graph":[{"@type":"Article","@id":"https:\/\/internetrepublica.com\/blog\/recomendaciones-sobre-marketing-para-el-dia-del-libro\/#article","isPartOf":{"@id":"https:\/\/internetrepublica.com\/blog\/recomendaciones-sobre-marketing-para-el-dia-del-libro\/"},"author":{"name":"Bel\u00e9n S\u00e1nchez","@id":"https:\/\/internetrepublica.com\/blog\/#\/schema\/person\/59a7e91d649578b47b5a2cbb936dd92a"},"headline":"Recomendaciones sobre marketing para el D\u00eda del Libro","datePublished":"2021-04-23T13:24:14+00:00","mainEntityOfPage":{"@id":"https:\/\/internetrepublica.com\/blog\/recomendaciones-sobre-marketing-para-el-dia-del-libro\/"},"wordCount":1011,"commentCount":0,"image":{"@id":"https:\/\/internetrepublica.com\/blog\/recomendaciones-sobre-marketing-para-el-dia-del-libro\/#primaryimage"},"thumbnailUrl":"https:\/\/internetrepublica.com\/blog\/wp-content\/uploads\/2021\/04\/image-46.png","keywords":["marketing","Social Media"],"articleSection":["Actualidad","Marketing","SEO","Social Media"],"inLanguage":"es","potentialAction":[{"@type":"CommentAction","name":"Comment","target":["https:\/\/internetrepublica.com\/blog\/recomendaciones-sobre-marketing-para-el-dia-del-libro\/#respond"]}]},{"@type":"WebPage","@id":"https:\/\/internetrepublica.com\/blog\/recomendaciones-sobre-marketing-para-el-dia-del-libro\/","url":"https:\/\/internetrepublica.com\/blog\/recomendaciones-sobre-marketing-para-el-dia-del-libro\/","name":"Recomendaciones sobre marketing para el D\u00eda del Libro - Internet Rep\u00fablica","isPartOf":{"@id":"https:\/\/internetrepublica.com\/blog\/#website"},"primaryImageOfPage":{"@id":"https:\/\/internetrepublica.com\/blog\/recomendaciones-sobre-marketing-para-el-dia-del-libro\/#primaryimage"},"image":{"@id":"https:\/\/internetrepublica.com\/blog\/recomendaciones-sobre-marketing-para-el-dia-del-libro\/#primaryimage"},"thumbnailUrl":"https:\/\/internetrepublica.com\/blog\/wp-content\/uploads\/2021\/04\/image-46.png","datePublished":"2021-04-23T13:24:14+00:00","author":{"@id":"https:\/\/internetrepublica.com\/blog\/#\/schema\/person\/59a7e91d649578b47b5a2cbb936dd92a"},"description":"Hola, comunidad Como sab\u00e9is el 23 de abril se celebra el D\u00eda Internacional del Libro. En algunos lugares como Catalu\u00f1a, se celebra adem\u00e1s el Dia de Sant","breadcrumb":{"@id":"https:\/\/internetrepublica.com\/blog\/recomendaciones-sobre-marketing-para-el-dia-del-libro\/#breadcrumb"},"inLanguage":"es","potentialAction":[{"@type":"ReadAction","target":["https:\/\/internetrepublica.com\/blog\/recomendaciones-sobre-marketing-para-el-dia-del-libro\/"]}]},{"@type":"ImageObject","inLanguage":"es","@id":"https:\/\/internetrepublica.com\/blog\/recomendaciones-sobre-marketing-para-el-dia-del-libro\/#primaryimage","url":"https:\/\/internetrepublica.com\/blog\/wp-content\/uploads\/2021\/04\/image-46.png","contentUrl":"https:\/\/internetrepublica.com\/blog\/wp-content\/uploads\/2021\/04\/image-46.png","width":1024,"height":512},{"@type":"BreadcrumbList","@id":"https:\/\/internetrepublica.com\/blog\/recomendaciones-sobre-marketing-para-el-dia-del-libro\/#breadcrumb","itemListElement":[{"@type":"ListItem","position":1,"name":"Agencia Marketing Digital","item":"https:\/\/internetrepublica.com\/blog\/"},{"@type":"ListItem","position":2,"name":"Actualidad","item":"https:\/\/internetrepublica.com\/blog\/actualidad\/"},{"@type":"ListItem","position":3,"name":"Recomendaciones sobre marketing para el D\u00eda del Libro","item":"https:\/\/internetrepublica.com\/blog\/recomendaciones-sobre-marketing-para-el-dia-del-libro\/"}]},{"@type":"WebSite","@id":"https:\/\/internetrepublica.com\/blog\/#website","url":"https:\/\/internetrepublica.com\/blog\/","name":"Internet Rep\u00fablica","description":"Agencia SEO y Marketing Digital","potentialAction":[{"@type":"SearchAction","target":{"@type":"EntryPoint","urlTemplate":"https:\/\/internetrepublica.com\/blog\/?s={search_term_string}"},"query-input":{"@type":"PropertyValueSpecification","valueRequired":true,"valueName":"search_term_string"}}],"inLanguage":"es"},{"@type":"Person","@id":"https:\/\/internetrepublica.com\/blog\/#\/schema\/person\/59a7e91d649578b47b5a2cbb936dd92a","name":"Bel\u00e9n S\u00e1nchez","image":{"@type":"ImageObject","inLanguage":"es","@id":"https:\/\/secure.gravatar.com\/avatar\/2380b6fe13fa5d6d5c0295d15837ac67523d2d1f1f07bb299e6629bcdda8e91f?s=96&d=mm&r=g","url":"https:\/\/secure.gravatar.com\/avatar\/2380b6fe13fa5d6d5c0295d15837ac67523d2d1f1f07bb299e6629bcdda8e91f?s=96&d=mm&r=g","contentUrl":"https:\/\/secure.gravatar.com\/avatar\/2380b6fe13fa5d6d5c0295d15837ac67523d2d1f1f07bb299e6629bcdda8e91f?s=96&d=mm&r=g","caption":"Bel\u00e9n S\u00e1nchez"},"url":"https:\/\/internetrepublica.com\/blog\/author\/belen\/"}]}},"_links":{"self":[{"href":"https:\/\/internetrepublica.com\/blog\/wp-json\/wp\/v2\/posts\/72246","targetHints":{"allow":["GET"]}}],"collection":[{"href":"https:\/\/internetrepublica.com\/blog\/wp-json\/wp\/v2\/posts"}],"about":[{"href":"https:\/\/internetrepublica.com\/blog\/wp-json\/wp\/v2\/types\/post"}],"author":[{"embeddable":true,"href":"https:\/\/internetrepublica.com\/blog\/wp-json\/wp\/v2\/users\/74"}],"replies":[{"embeddable":true,"href":"https:\/\/internetrepublica.com\/blog\/wp-json\/wp\/v2\/comments?post=72246"}],"version-history":[{"count":9,"href":"https:\/\/internetrepublica.com\/blog\/wp-json\/wp\/v2\/posts\/72246\/revisions"}],"predecessor-version":[{"id":72254,"href":"https:\/\/internetrepublica.com\/blog\/wp-json\/wp\/v2\/posts\/72246\/revisions\/72254"}],"wp:featuredmedia":[{"embeddable":true,"href":"https:\/\/internetrepublica.com\/blog\/wp-json\/wp\/v2\/media\/72247"}],"wp:attachment":[{"href":"https:\/\/internetrepublica.com\/blog\/wp-json\/wp\/v2\/media?parent=72246"}],"wp:term":[{"taxonomy":"category","embeddable":true,"href":"https:\/\/internetrepublica.com\/blog\/wp-json\/wp\/v2\/categories?post=72246"},{"taxonomy":"post_tag","embeddable":true,"href":"https:\/\/internetrepublica.com\/blog\/wp-json\/wp\/v2\/tags?post=72246"}],"curies":[{"name":"wp","href":"https:\/\/api.w.org\/{rel}","templated":true}]}}