{"id":67741,"date":"2019-03-05T12:46:54","date_gmt":"2019-03-05T11:46:54","guid":{"rendered":"https:\/\/internetrepublica.com\/?p=67741"},"modified":"2019-03-06T10:33:39","modified_gmt":"2019-03-06T09:33:39","slug":"apostando-por-la-igualdad-en-el-trabajo-digital","status":"publish","type":"post","link":"https:\/\/internetrepublica.com\/blog\/apostando-por-la-igualdad-en-el-trabajo-digital\/","title":{"rendered":"Apostando por la igualdad en el trabajo digital"},"content":{"rendered":"<p>El pr\u00f3ximo 8 de marzo se celebra el <strong>D\u00eda Internacional de la Mujer<\/strong>, una fecha que se viene conmemorando desde 1911 para reivindicar la <strong>lucha de las mujeres por la IGUALDAD<\/strong> de oportunidades frente al var\u00f3n en diversos \u00e1mbitos de la sociedad.<\/p>\n<p>Hay todav\u00eda mucho por hacer en este aspecto, pero en esta ocasi\u00f3n queremos contar c\u00f3mo en <a href=\"https:\/\/internetrepublica.com\/\">Internet Rep\u00fablica<\/a> y SocialPubli.com trabajamos por la igualdad en el trabajo digital.<\/p>\n<p>Habitualmente en las profesiones m\u00e1s t\u00e9cnicas, como programadores o analistas, ha sido dif\u00edcil encontrar a mujeres tanto en el \u00e1mbito educativo como en el laboral. De hecho, un reciente estudio de la patronal de las telecomunicaciones, digitales, apuntaba con datos de la <strong>EPA<\/strong> conclusiones bastante alarmantes:<\/p>\n<ul>\n<li style=\"font-weight: 400;\"><span style=\"font-weight: 300;\">Las <strong>mujeres<\/strong> suponen en 2017 el <\/span><b>14,6%<\/b><span style=\"font-weight: 300;\"> de las personas son estudios tecnol\u00f3gicos superiores. Por cada mujer, hay casi <\/span><b>6 hombres <\/b><span style=\"font-weight: 300;\">con estos estudios.<\/span><\/li>\n<li style=\"font-weight: 400;\"><span style=\"font-weight: 300;\">En Europa, alrededor del 36% de las personas con estudios tecnol\u00f3gicos ha realizado estudios superiores no universitarios; en Espa\u00f1a no llega al 28% y no alcanza el 8% en el caso de las mujeres.<\/span><\/li>\n<\/ul>\n<p>&nbsp;<\/p>\n<p>En <strong>Internet Rep\u00fablica<\/strong> hemos echado mano de la calculadora y nos hemos puesto a contar cu\u00e1ntas somos en comparaci\u00f3n con los hombres. Adem\u00e1s de ser una agencia no al uso, puesto que <strong>entre nuestros empleados priman las profesiones t\u00e9cnicas<\/strong>, tenemos un alto grado de mujeres en nuestra plantilla, y muchas de ellas con alta responsabilidad.<\/p>\n<p>De este modo, esta semana hemos hablado con <strong>#mujeresSEO<\/strong> y con<strong> responsables de equipos<\/strong> para conocer por qu\u00e9 rompemos los moldes y conseguimos ser iguales entre hombres y mujeres, en capacidades y tambi\u00e9n en responsabilidades, con un respeto mutuo y un reflejo de una empresa moderna e igualitaria. Y para ordenarlas por alg\u00fan criterio, lo hemos hecho por antig\u00fcedad en la empresa. Hoy la voz de ellas, es la \u00fanica que importa:<\/p>\n<h2><a href=\"https:\/\/www.linkedin.com\/in\/almudenasanchorf\/\">Almudena Sancho<\/a> &#8211; Socialpubli.com Team Leader<\/h2>\n<p><img loading=\"lazy\" decoding=\"async\" class=\"aligncenter wp-image-67743 size-large\" src=\"https:\/\/internetrepublica.com\/wp-content\/uploads\/2019\/03\/Almu-1024x512.png\" alt=\"Almudena Sancho\" width=\"1024\" height=\"512\" srcset=\"https:\/\/internetrepublica.com\/blog\/wp-content\/uploads\/2019\/03\/Almu.png 1024w, https:\/\/internetrepublica.com\/blog\/wp-content\/uploads\/2019\/03\/Almu-300x150.png 300w, https:\/\/internetrepublica.com\/blog\/wp-content\/uploads\/2019\/03\/Almu-768x384.png 768w, https:\/\/internetrepublica.com\/blog\/wp-content\/uploads\/2019\/03\/Almu-1000x500.png 1000w, https:\/\/internetrepublica.com\/blog\/wp-content\/uploads\/2019\/03\/Almu-700x350.png 700w\" sizes=\"auto, (max-width: 1024px) 100vw, 1024px\" \/><\/p>\n<blockquote><p><span data-sheets-value=\"{&quot;1&quot;:2,&quot;2&quot;:&quot;Estudi\u00e9 ingenier\u00eda inform\u00e1tica, algo que resultaba muy raro entre las mujeres de mi entorno. \\n\\nEmpec\u00e9 en Internet Rep\u00fablica gracias a un m\u00e1ster que estaba realizando de Anal\u00edtica Web, el cual me permiti\u00f3 firmar convenio con la empresa para comenzar una beca de 6 meses. Desde entonces, mi ambici\u00f3n por seguir mejorando y aprendiendo d\u00eda a d\u00eda, ha sido la que me ha llevado a cumplir las metas que me iba proponiendo.\\n\\nSiempre me ha gustado el sector digital y por eso trabajar en \u00e9l ya era una meta cumplida. Pero lo que de verdad me apasionaba era la gesti\u00f3n de equipos, un gran reto para una persona como yo, que adem\u00e1s de ser mujer ten\u00eda que conciliar la vida familiar con la laboral.\\n\\nCuando naci\u00f3 Socialpubli, me dieron la oportunidad de desarrollarme en ese area y gestionar tanto el proyecto como al equipo. Mi reto ahora es conseguir que el proyecto crezca y junto a \u00e9l todo mi equipo.&quot;}\" data-sheets-userformat=\"{&quot;2&quot;:961,&quot;3&quot;:{&quot;1&quot;:0},&quot;9&quot;:0,&quot;10&quot;:1,&quot;11&quot;:4,&quot;12&quot;:0}\">Estudi\u00e9 ingenier\u00eda inform\u00e1tica, algo que resultaba muy raro entre las mujeres de mi entorno.<\/span><\/p>\n<p><em>Empec\u00e9 en Internet Rep\u00fablica gracias a un m\u00e1ster que estaba realizando de Anal\u00edtica Web, el cual me permiti\u00f3 firmar convenio con la empresa para comenzar una beca de 6 meses. Desde entonces, mi ambici\u00f3n por seguir mejorando y aprendiendo d\u00eda a d\u00eda, ha sido la que me ha llevado a cumplir las metas que me iba proponiendo.<\/em><\/p>\n<p><em>Siempre me ha gustado el sector digital y por eso trabajar en \u00e9l ya era una meta cumplida. Pero lo que de verdad me apasionaba era la gesti\u00f3n de equipos, <strong>un gran reto para una persona como yo, que adem\u00e1s de ser mujer ten\u00eda que conciliar la vida familiar con la laboral.<\/strong><\/em><\/p>\n<p><em>Cuando naci\u00f3 Socialpubli, me dieron la oportunidad de desarrollarme en ese \u00e1rea y gestionar tanto el proyecto como al equipo. Mi reto ahora es conseguir que el proyecto crezca y junto a \u00e9l todo mi equipo.<\/em><\/p><\/blockquote>\n<h2><a href=\"https:\/\/www.linkedin.com\/in\/laura-lopez-yoseseo\/\">Laura L\u00f3pez<\/a> &#8211; SEO Team Leader<\/h2>\n<p><img loading=\"lazy\" decoding=\"async\" class=\"aligncenter size-full wp-image-67747\" src=\"https:\/\/internetrepublica.com\/wp-content\/uploads\/2019\/03\/Laura.png\" alt=\"Laura Lopez \" width=\"1024\" height=\"512\" srcset=\"https:\/\/internetrepublica.com\/blog\/wp-content\/uploads\/2019\/03\/Laura.png 1024w, https:\/\/internetrepublica.com\/blog\/wp-content\/uploads\/2019\/03\/Laura-300x150.png 300w, https:\/\/internetrepublica.com\/blog\/wp-content\/uploads\/2019\/03\/Laura-768x384.png 768w, https:\/\/internetrepublica.com\/blog\/wp-content\/uploads\/2019\/03\/Laura-1000x500.png 1000w, https:\/\/internetrepublica.com\/blog\/wp-content\/uploads\/2019\/03\/Laura-700x350.png 700w\" sizes=\"auto, (max-width: 1024px) 100vw, 1024px\" \/><\/p>\n<blockquote><p><em>En los a\u00f1os que llevo trabajando en Internet Rep\u00fablica nunca he sentido discriminaci\u00f3n a nivel laboral por ser mujer. En estos 4 a\u00f1os he evolucionado y se me han atribuido responsabilidades seg\u00fan mi val\u00eda que me han hecho crecer como profesional y como persona. Contamos con un equipo SEO donde ser mujer u hombre no es un factor diferencial a la hora de evolucionar, lo \u00fanico que cuenta es la capacidad de cada persona para asumir retos y seguir creciendo.<\/em><\/p>\n<p>Entr\u00e9 en esta empresa siendo consultor junior y actualmente <strong>dirijo un equipo de 7 personas y m\u00e1s de 30 clientes<\/strong>, las barreras en mi carrera profesional por ser mujer nunca han tenido cabida. Nuestro equipo sigue aumentando cada d\u00eda y buscamos trabajar con profesionales, no valoramos m\u00e1s a las mujeres que a los hombres ni a los hombres que a las mujeres, simplemente valoramos el trabajo profesional que puede aportar cada persona al equipo y a su carrera<\/p><\/blockquote>\n<p>&nbsp;<\/p>\n<h2><span data-sheets-value=\"{&quot;1&quot;:2,&quot;2&quot;:&quot;Gemma Yelmo Sauce&quot;}\" data-sheets-userformat=\"{&quot;2&quot;:705,&quot;3&quot;:{&quot;1&quot;:0},&quot;9&quot;:1,&quot;10&quot;:1,&quot;12&quot;:0}\"><a href=\"https:\/\/www.linkedin.com\/in\/gemmayelmosauce\/\">Gemma Yelmo Sauce<\/a> &#8211;\u00a0Consultora SEO<\/span><\/h2>\n<p><img loading=\"lazy\" decoding=\"async\" class=\"aligncenter size-full wp-image-67750\" src=\"https:\/\/internetrepublica.com\/wp-content\/uploads\/2019\/03\/Gemma.png\" alt=\"Gemma Yelmo \" width=\"1024\" height=\"512\" srcset=\"https:\/\/internetrepublica.com\/blog\/wp-content\/uploads\/2019\/03\/Gemma.png 1024w, https:\/\/internetrepublica.com\/blog\/wp-content\/uploads\/2019\/03\/Gemma-300x150.png 300w, https:\/\/internetrepublica.com\/blog\/wp-content\/uploads\/2019\/03\/Gemma-768x384.png 768w, https:\/\/internetrepublica.com\/blog\/wp-content\/uploads\/2019\/03\/Gemma-1000x500.png 1000w, https:\/\/internetrepublica.com\/blog\/wp-content\/uploads\/2019\/03\/Gemma-700x350.png 700w\" sizes=\"auto, (max-width: 1024px) 100vw, 1024px\" \/><\/p>\n<blockquote><p><span data-sheets-value=\"{&quot;1&quot;:2,&quot;2&quot;:&quot;Desde siempre me ha fascinado el mundo de la inform\u00e1tica y la tecnolog\u00eda en general, por lo que comenc\u00e9 mi carrera profesional como Web Delevoper.\\nTras unos a\u00f1os entre l\u00edneas de c\u00f3digo HTML, CSS, JS y PHP, Internet Rep\u00fablica me ofreci\u00f3 la oportunidad de realizar el M\u00e1ster en Search Marketing que imparte la propia agencia y dar un giro a mi profesi\u00f3n. Tras los conocimientos adquiridos en el m\u00e1ster, proyect\u00e9 mi carrera hac\u00eda la consultor\u00eda SEO, sin dejar de lado mi faceta de programadora. \\n\\nActualmente desarrollo mi trabajo de SEO T\u00e9cnico como implant del Grupo El Corte Ingl\u00e9s.\\n&quot;}\" data-sheets-userformat=\"{&quot;2&quot;:961,&quot;3&quot;:{&quot;1&quot;:0},&quot;9&quot;:0,&quot;10&quot;:1,&quot;11&quot;:4,&quot;12&quot;:0}\"><em>Desde siempre me ha fascinado el mundo de la inform\u00e1tica y la tecnolog\u00eda en general, por lo que comenc\u00e9 mi carrera profesional como Web Delevoper.<\/em><br \/>\n<em>Tras unos a\u00f1os entre l\u00edneas de c\u00f3digo HTML, CSS, JS y PHP, <strong>Internet Rep\u00fablica me ofreci\u00f3 la oportunidad de realizar el <a href=\"https:\/\/internetrepublica.com\/master-search-marketing-seo-sem-analitica-web\/\">M\u00e1ster en Search Marketing<\/a> que imparte la propia agencia y dar un giro a mi profesi\u00f3n.<\/strong> Tras los conocimientos adquiridos en el m\u00e1ster, proyect\u00e9 mi carrera hac\u00eda la consultor\u00eda SEO, sin dejar de lado mi faceta de programadora. <\/em><\/span><\/p>\n<p><em>Actualmente desarrollo mi trabajo de SEO T\u00e9cnico como implant del Grupo El Corte Ingl\u00e9s.<\/em><\/p><\/blockquote>\n<p>&nbsp;<\/p>\n<h2><span data-sheets-value=\"{&quot;1&quot;:2,&quot;2&quot;:&quot;Gemma Yelmo Sauce&quot;}\" data-sheets-userformat=\"{&quot;2&quot;:705,&quot;3&quot;:{&quot;1&quot;:0},&quot;9&quot;:1,&quot;10&quot;:1,&quot;12&quot;:0}\"><a href=\"https:\/\/www.linkedin.com\/in\/martaromerasuarez\/\">Marta Romera<\/a> &#8211; Consultora SEO<\/span><\/h2>\n<p><img loading=\"lazy\" decoding=\"async\" class=\"aligncenter size-full wp-image-67780\" src=\"https:\/\/internetrepublica.com\/wp-content\/uploads\/2019\/03\/Marta-1.png\" alt=\"Marta Romero \" width=\"1024\" height=\"512\" srcset=\"https:\/\/internetrepublica.com\/blog\/wp-content\/uploads\/2019\/03\/Marta-1.png 1024w, https:\/\/internetrepublica.com\/blog\/wp-content\/uploads\/2019\/03\/Marta-1-300x150.png 300w, https:\/\/internetrepublica.com\/blog\/wp-content\/uploads\/2019\/03\/Marta-1-768x384.png 768w, https:\/\/internetrepublica.com\/blog\/wp-content\/uploads\/2019\/03\/Marta-1-1000x500.png 1000w, https:\/\/internetrepublica.com\/blog\/wp-content\/uploads\/2019\/03\/Marta-1-700x350.png 700w\" sizes=\"auto, (max-width: 1024px) 100vw, 1024px\" \/><\/p>\n<blockquote><p><em><span data-sheets-value=\"{&quot;1&quot;:2,&quot;2&quot;:&quot;En Internet Rep\u00fablica no caben los prejuicios que vinculan el mejor desempe\u00f1o profesional de puestos t\u00e9cnicos al g\u00e9nero masculino. Presumimos de tener uno de los departamentos SEO m\u00e1s grandes del panorama nacional (m\u00e1s de 20 profesionales SEO) en el que m\u00e1s del 50% somos mujeres y desde el que lideramos las estrategias de posicionamiento para grandes marcas como Vodafone, Bankinter, DIA o Jazztel. \\n\\nLa clave del \u00e9xito de un departamento SEO como el nuestro no es el porcentaje: es el talento y los resultados del trabajo bien hecho. Como #mujerSEO he de decir que Internet Rep\u00fablica no solo ha contribuido en mi desarrollo profesional como consultora senior y docente en diferentes m\u00e1sters, sino que a\u00fapa y potencia constantemente habilidades para beneficio mutuo: profesional y empresa se retroalimentan. \u00bfSiguientes pasos? Trabajar en el proyecto com\u00fan de mayor visibilidad a #mujeresSEO.&quot;}\" data-sheets-userformat=\"{&quot;2&quot;:961,&quot;3&quot;:{&quot;1&quot;:0},&quot;9&quot;:0,&quot;10&quot;:1,&quot;11&quot;:4,&quot;12&quot;:0}\">En Internet Rep\u00fablica no caben los prejuicios que vinculan el mejor desempe\u00f1o profesional de puestos t\u00e9cnicos al g\u00e9nero masculino. Presumimos de tener uno de <strong>los departamentos SEO m\u00e1s grandes del panorama nacional<\/strong> (m\u00e1s de 20 profesionales SEO) en el que <strong>m\u00e1s del 50% somos mujeres<\/strong> y desde el que lideramos las estrategias de posicionamiento para grandes marcas como Vodafone, Bankinter, DIA o Jazztel.<\/span><\/em><\/p>\n<p>La clave del \u00e9xito de un departamento SEO como el nuestro no es el porcentaje: es el talento y los resultados del trabajo bien hecho. Como <strong>#mujerSEO<\/strong> he de decir que Internet Rep\u00fablica no solo ha contribuido en mi desarrollo profesional como consultora senior y docente en diferentes m\u00e1sters, sino que a\u00fapa y potencia constantemente habilidades para beneficio mutuo: profesional y empresa se retroalimentan. \u00bfSiguientes pasos? Trabajar en el proyecto com\u00fan de mayor visibilidad a <strong>#mujeresSEO<\/strong>.<\/p><\/blockquote>\n<p>&nbsp;<\/p>\n<h2><strong><a href=\"https:\/\/www.linkedin.com\/in\/monserratlopez\/\">Montserrat L\u00f3pez<\/a> &#8211; Consultora SEO<\/strong><\/h2>\n<p><img loading=\"lazy\" decoding=\"async\" class=\"aligncenter size-full wp-image-67783\" src=\"https:\/\/internetrepublica.com\/wp-content\/uploads\/2019\/03\/Montse-1.png\" alt=\"Montse Lopez \" width=\"1024\" height=\"512\" srcset=\"https:\/\/internetrepublica.com\/blog\/wp-content\/uploads\/2019\/03\/Montse-1.png 1024w, https:\/\/internetrepublica.com\/blog\/wp-content\/uploads\/2019\/03\/Montse-1-300x150.png 300w, https:\/\/internetrepublica.com\/blog\/wp-content\/uploads\/2019\/03\/Montse-1-768x384.png 768w, https:\/\/internetrepublica.com\/blog\/wp-content\/uploads\/2019\/03\/Montse-1-1000x500.png 1000w, https:\/\/internetrepublica.com\/blog\/wp-content\/uploads\/2019\/03\/Montse-1-700x350.png 700w\" sizes=\"auto, (max-width: 1024px) 100vw, 1024px\" \/><\/p>\n<blockquote><p><em>Hab\u00eda iniciado muy joven en el mundo digital, trabajando en el sector del marketing hotelero, donde me encontr\u00e9 con muchos retos y desaf\u00edos como mujer. Esto me ha permitido crecer como profesional y valorar la apuesta que hacen muchas empresas por el talento joven. Es justo eso lo que hace tan satisfactorio de formar parte de <strong>Internet Rep\u00fablica: estar rodeada un equipo que te empuja a seguir creciendo, y adem\u00e1s, con mujeres muy profesionales que destacan cada vez m\u00e1s en el sector del marketing<\/strong>, algo muy inspirador para m\u00ed.<\/em><\/p><\/blockquote>\n<h2><strong><a href=\"https:\/\/www.linkedin.com\/in\/lucila-rios\/\">Lucila R\u00edos<\/a> &#8211; Responsable Marketing &amp; Internacional en SocialPubli.com<\/strong><\/h2>\n<p><img loading=\"lazy\" decoding=\"async\" class=\"aligncenter size-full wp-image-67760\" src=\"https:\/\/internetrepublica.com\/wp-content\/uploads\/2019\/03\/Lucila.png\" alt=\"Lucila R\u00edos\" width=\"1024\" height=\"512\" srcset=\"https:\/\/internetrepublica.com\/blog\/wp-content\/uploads\/2019\/03\/Lucila.png 1024w, https:\/\/internetrepublica.com\/blog\/wp-content\/uploads\/2019\/03\/Lucila-300x150.png 300w, https:\/\/internetrepublica.com\/blog\/wp-content\/uploads\/2019\/03\/Lucila-768x384.png 768w, https:\/\/internetrepublica.com\/blog\/wp-content\/uploads\/2019\/03\/Lucila-1000x500.png 1000w, https:\/\/internetrepublica.com\/blog\/wp-content\/uploads\/2019\/03\/Lucila-700x350.png 700w\" sizes=\"auto, (max-width: 1024px) 100vw, 1024px\" \/><\/p>\n<blockquote><p><em>Soy Responsable de Marketing Internacional, pero tuve muchas dificultades para asentarme en una empresa. Conseguir un puesto de responsabilidad sigue siendo complicado para las mujeres y m\u00e1s para las que somos j\u00f3venes.<\/em><\/p>\n<p>En Internet Rep\u00fablica \/ Socialpubli.com, ha confiado en mi y me ha otorgado la oportunidad de pertenecer no \u00fanicamente a un proyecto sino a una familia laboral, donde poder desarrollar todo mi potencial adecu\u00e1ndose a mi nivel de conocimiento y responsabilidad.<\/p>\n<p>Para el futuro, <strong>espero poder posicionar nuestra empresa como un referente en el mercado internacional, ampliar mi departamento y seguir respetando las capacidades tanto de hombres como de mujeres de forma igualitaria.<\/strong><\/p><\/blockquote>\n<p>&nbsp;<\/p>\n<h2><strong><a href=\"https:\/\/www.linkedin.com\/in\/rut-barquero-s%C3%A1nchez-776aa331\/\">Rut Barquero<\/a> &#8211; Responsable Paid Media<\/strong><\/h2>\n<p><img loading=\"lazy\" decoding=\"async\" class=\"aligncenter size-full wp-image-67763\" src=\"https:\/\/internetrepublica.com\/wp-content\/uploads\/2019\/03\/Rut.png\" alt=\"Rut Barquero \" width=\"1024\" height=\"512\" srcset=\"https:\/\/internetrepublica.com\/blog\/wp-content\/uploads\/2019\/03\/Rut.png 1024w, https:\/\/internetrepublica.com\/blog\/wp-content\/uploads\/2019\/03\/Rut-300x150.png 300w, https:\/\/internetrepublica.com\/blog\/wp-content\/uploads\/2019\/03\/Rut-768x384.png 768w, https:\/\/internetrepublica.com\/blog\/wp-content\/uploads\/2019\/03\/Rut-1000x500.png 1000w, https:\/\/internetrepublica.com\/blog\/wp-content\/uploads\/2019\/03\/Rut-700x350.png 700w\" sizes=\"auto, (max-width: 1024px) 100vw, 1024px\" \/><\/p>\n<blockquote><p><em><span data-sheets-value=\"{&quot;1&quot;:2,&quot;2&quot;:&quot;Yo personalmente nunca he encontrado trabas en este sector por el hecho de ser mujer, ya que trabajamos en un \u00e1mbito muy femenino en donde los puestos de responsabilidad est\u00e1n muy equiparados con los de los hombres, algo de lo que me siento muy orgullosa de trabajar en un ambiente as\u00ed. \\n\\nNunca me he encontrado ni he vivido una situaci\u00f3n en donde haya alg\u00fan tipo de diferencia por el hecho de ser mujer. Seguimos viviendo en un mundo en donde a nivel general las mujeres no est\u00e1n valoradas al mismo nivel que los hombres, en donde tenemos que hacer el doble para conseguir esta igualdad, y nosotras por suerte trabajamos en un sector que no es as\u00ed, que se desmarca de esta tendencia, en donde iguala ambos sexos y en donde no tienes de luchar por defender tu val\u00eda por el hecho de ser mujer, si no que la val\u00eda se valora como persona. \\n\\nMe siento muy orgullosa de que esto sea as\u00ed, y continuaremos trabajando para que la tendencia sea como hasta ahora.&quot;}\" data-sheets-userformat=\"{&quot;2&quot;:961,&quot;3&quot;:{&quot;1&quot;:0},&quot;9&quot;:0,&quot;10&quot;:1,&quot;11&quot;:4,&quot;12&quot;:0}\">Yo personalmente nunca he encontrado trabas en este sector por el hecho de ser mujer, ya que trabajamos en un \u00e1mbito muy femenino en donde los puestos de responsabilidad est\u00e1n muy equiparados con los de los hombres, algo de lo que me siento muy orgullosa de trabajar en un ambiente as\u00ed.<\/span><\/em><\/p>\n<p>Nunca me he encontrado ni he vivido una situaci\u00f3n en donde haya alg\u00fan tipo de diferencia por el hecho de ser mujer. S<strong>eguimos viviendo en un mundo en donde a nivel general las mujeres no est\u00e1n valoradas al mismo nivel que los hombres<\/strong>, en donde tenemos que hacer el doble para conseguir esta igualdad, y nosotras por suerte trabajamos en un sector que no es as\u00ed, que se desmarca de esta tendencia, en donde iguala ambos g\u00e9neros y en donde no tienes de luchar por defender tu val\u00eda por el hecho de ser mujer, si no que la val\u00eda se valora como persona.<\/p>\n<p>Me siento muy orgullosa de que esto sea as\u00ed, y continuaremos trabajando para que la tendencia sea como hasta ahora.<\/p><\/blockquote>\n<p>&nbsp;<\/p>\n<h2><span data-sheets-value=\"{&quot;1&quot;:2,&quot;2&quot;:&quot;Rebeca S\u00e1ez&quot;}\" data-sheets-userformat=\"{&quot;2&quot;:705,&quot;3&quot;:{&quot;1&quot;:0},&quot;9&quot;:1,&quot;10&quot;:1,&quot;12&quot;:0}\"><a href=\"https:\/\/www.linkedin.com\/in\/rebecasaez\/\">Rebeca S\u00e1ez<\/a> &#8211; Responsable Estrategia Digital<\/span><\/h2>\n<p><img loading=\"lazy\" decoding=\"async\" class=\"aligncenter size-full wp-image-67766\" src=\"https:\/\/internetrepublica.com\/wp-content\/uploads\/2019\/03\/Rebe.png\" alt=\"Rebeca Saez \" width=\"1024\" height=\"512\" srcset=\"https:\/\/internetrepublica.com\/blog\/wp-content\/uploads\/2019\/03\/Rebe.png 1024w, https:\/\/internetrepublica.com\/blog\/wp-content\/uploads\/2019\/03\/Rebe-300x150.png 300w, https:\/\/internetrepublica.com\/blog\/wp-content\/uploads\/2019\/03\/Rebe-768x384.png 768w, https:\/\/internetrepublica.com\/blog\/wp-content\/uploads\/2019\/03\/Rebe-1000x500.png 1000w, https:\/\/internetrepublica.com\/blog\/wp-content\/uploads\/2019\/03\/Rebe-700x350.png 700w\" sizes=\"auto, (max-width: 1024px) 100vw, 1024px\" \/><\/p>\n<blockquote><p><em><span data-sheets-value=\"{&quot;1&quot;:2,&quot;2&quot;:&quot;Formar parte de una familia laboral en la que lo \u00fanico que importa es la actitud y el talento es un privilegio. A lo largo de mi experiencia profesional me he encontrado con situaciones cercanas en las cuales ser mujer pod\u00eda ser algo que restara de cara a oportunidades, y por eso siempre he querido trabajar de forma feminista viendo antes a la persona que a su genero. \\n\\nNos queda mucho camino por recorrer pero gracias a empresas como Internet Republica que dan ejemplo est\u00e1s m\u00e1s cerca del objetivo de igualdad. Mis siguientes objetivos es seguir formando un equipo fuerte, en el cual todos sumamos para conseguir ser los mejores y dar un servicio excelente a nuestros clientes y prospects.&quot;}\" data-sheets-userformat=\"{&quot;2&quot;:961,&quot;3&quot;:{&quot;1&quot;:0},&quot;9&quot;:0,&quot;10&quot;:1,&quot;11&quot;:4,&quot;12&quot;:0}\">Formar parte de una familia laboral en la que lo \u00fanico que importa es la actitud y el talento es un privilegio. A lo largo de mi experiencia profesional me he encontrado con situaciones cercanas en las cuales ser mujer pod\u00eda ser algo que restara de cara a oportunidades, y por eso siempre he querido trabajar de forma feminista viendo antes a la persona que a su genero.<\/span><\/em><\/p>\n<p><strong>Nos queda mucho camino por recorrer pero gracias a empresas como Internet Republica que dan ejemplo est\u00e1s m\u00e1s cerca del objetivo de igualdad.<\/strong> Mis siguientes objetivos es seguir formando un equipo fuerte, en el cual todos sumamos para conseguir ser los mejores y dar un servicio excelente a nuestros clientes y prospects.<\/p><\/blockquote>\n<p>&nbsp;<\/p>\n<p>Estas son las respuestas de las mujeres con grandes puestos de responsabilidad en nuestro equipo. Hablan de igualdad orgullosas de pertenecer a esta familia que es Internet Rep\u00fablica. Gracias a ellas y al respeto del resto de compa\u00f1eros varones, hemos conseguido que la noticia sea la igualdad entre hombres y mujeres en nuestra empresa, en contra de lo que dicen las estad\u00edsticas.<\/p>\n","protected":false},"excerpt":{"rendered":"<p>El pr\u00f3ximo 8 de marzo se celebra el D\u00eda Internacional de la Mujer, una fecha que se viene conmemorando desde 1911 para reivindicar la lucha&#8230;<\/p>\n","protected":false},"author":3,"featured_media":67772,"comment_status":"open","ping_status":"closed","sticky":false,"template":"","format":"standard","meta":{"content-type":"","inline_featured_image":false,"footnotes":""},"categories":[96,97],"tags":[1222,1221,1220],"class_list":["post-67741","post","type-post","status-publish","format-standard","has-post-thumbnail","hentry","category-cosas-nuestras","category-empleo","tag-dia-de-la-mujer","tag-igualdad","tag-mujeres-seo"],"yoast_head":"<!-- This site is optimized with the Yoast SEO plugin v27.2 - https:\/\/yoast.com\/product\/yoast-seo-wordpress\/ -->\n<title>Apostando por la igualdad en el trabajo digital - Internet Rep\u00fablica<\/title>\n<meta name=\"description\" content=\"El pr\u00f3ximo 8 de marzo se celebra el D\u00eda Internacional de la Mujer, una fecha que se viene conmemorando desde 1911 para reivindicar la lucha de las mujeres Todos los 8 de marzo, se conmemora en todo el mundo la lucha de las mujeres por la igualdad y el reconocimiento. En Internet Rep\u00fablica hemos hablado con #mujeresSEO y con responsables de equipos para contar su historia.\" \/>\n<meta name=\"robots\" content=\"index, follow, max-snippet:-1, max-image-preview:large, max-video-preview:-1\" \/>\n<link rel=\"canonical\" href=\"https:\/\/internetrepublica.com\/blog\/apostando-por-la-igualdad-en-el-trabajo-digital\/\" \/>\n<meta property=\"og:locale\" content=\"es_ES\" \/>\n<meta property=\"og:type\" content=\"article\" \/>\n<meta property=\"og:title\" content=\"Apostando por la igualdad en el trabajo digital - Internet Rep\u00fablica\" \/>\n<meta property=\"og:description\" content=\"El pr\u00f3ximo 8 de marzo se celebra el D\u00eda Internacional de la Mujer, una fecha que se viene conmemorando desde 1911 para reivindicar la lucha de las mujeres Todos los 8 de marzo, se conmemora en todo el mundo la lucha de las mujeres por la igualdad y el reconocimiento. En Internet Rep\u00fablica hemos hablado con #mujeresSEO y con responsables de equipos para contar su historia.\" \/>\n<meta property=\"og:url\" content=\"https:\/\/internetrepublica.com\/blog\/apostando-por-la-igualdad-en-el-trabajo-digital\/\" \/>\n<meta property=\"og:site_name\" content=\"Internet Rep\u00fablica\" \/>\n<meta property=\"article:published_time\" content=\"2019-03-05T11:46:54+00:00\" \/>\n<meta property=\"article:modified_time\" content=\"2019-03-06T09:33:39+00:00\" \/>\n<meta property=\"og:image\" content=\"https:\/\/internetrepublica.com\/blog\/wp-content\/uploads\/2019\/03\/8Marzo-blog.png\" \/>\n\t<meta property=\"og:image:width\" content=\"1024\" \/>\n\t<meta property=\"og:image:height\" content=\"512\" \/>\n\t<meta property=\"og:image:type\" content=\"image\/png\" \/>\n<meta name=\"author\" content=\"Internet Rep\u00fablica\" \/>\n<meta name=\"twitter:card\" content=\"summary_large_image\" \/>\n<meta name=\"twitter:label1\" content=\"Escrito por\" \/>\n\t<meta name=\"twitter:data1\" content=\"Internet Rep\u00fablica\" \/>\n\t<meta name=\"twitter:label2\" content=\"Tiempo de lectura\" \/>\n\t<meta name=\"twitter:data2\" content=\"8 minutos\" \/>\n<script type=\"application\/ld+json\" class=\"yoast-schema-graph\">{\"@context\":\"https:\/\/schema.org\",\"@graph\":[{\"@type\":\"Article\",\"@id\":\"https:\/\/internetrepublica.com\/blog\/apostando-por-la-igualdad-en-el-trabajo-digital\/#article\",\"isPartOf\":{\"@id\":\"https:\/\/internetrepublica.com\/blog\/apostando-por-la-igualdad-en-el-trabajo-digital\/\"},\"author\":{\"name\":\"Internet Rep\u00fablica\",\"@id\":\"https:\/\/internetrepublica.com\/blog\/#\/schema\/person\/bd9791fd10528a2a566fe7cdb0146de9\"},\"headline\":\"Apostando por la igualdad en el trabajo digital\",\"datePublished\":\"2019-03-05T11:46:54+00:00\",\"dateModified\":\"2019-03-06T09:33:39+00:00\",\"mainEntityOfPage\":{\"@id\":\"https:\/\/internetrepublica.com\/blog\/apostando-por-la-igualdad-en-el-trabajo-digital\/\"},\"wordCount\":1549,\"commentCount\":0,\"image\":{\"@id\":\"https:\/\/internetrepublica.com\/blog\/apostando-por-la-igualdad-en-el-trabajo-digital\/#primaryimage\"},\"thumbnailUrl\":\"https:\/\/internetrepublica.com\/blog\/wp-content\/uploads\/2019\/03\/8Marzo-blog.png\",\"keywords\":[\"D\u00eda de la mujer\",\"Igualdad\",\"mujeres SEO\"],\"articleSection\":[\"Cosas nuestras\",\"Empleo\"],\"inLanguage\":\"es\",\"potentialAction\":[{\"@type\":\"CommentAction\",\"name\":\"Comment\",\"target\":[\"https:\/\/internetrepublica.com\/blog\/apostando-por-la-igualdad-en-el-trabajo-digital\/#respond\"]}]},{\"@type\":\"WebPage\",\"@id\":\"https:\/\/internetrepublica.com\/blog\/apostando-por-la-igualdad-en-el-trabajo-digital\/\",\"url\":\"https:\/\/internetrepublica.com\/blog\/apostando-por-la-igualdad-en-el-trabajo-digital\/\",\"name\":\"Apostando por la igualdad en el trabajo digital - Internet Rep\u00fablica\",\"isPartOf\":{\"@id\":\"https:\/\/internetrepublica.com\/blog\/#website\"},\"primaryImageOfPage\":{\"@id\":\"https:\/\/internetrepublica.com\/blog\/apostando-por-la-igualdad-en-el-trabajo-digital\/#primaryimage\"},\"image\":{\"@id\":\"https:\/\/internetrepublica.com\/blog\/apostando-por-la-igualdad-en-el-trabajo-digital\/#primaryimage\"},\"thumbnailUrl\":\"https:\/\/internetrepublica.com\/blog\/wp-content\/uploads\/2019\/03\/8Marzo-blog.png\",\"datePublished\":\"2019-03-05T11:46:54+00:00\",\"dateModified\":\"2019-03-06T09:33:39+00:00\",\"author\":{\"@id\":\"https:\/\/internetrepublica.com\/blog\/#\/schema\/person\/bd9791fd10528a2a566fe7cdb0146de9\"},\"description\":\"El pr\u00f3ximo 8 de marzo se celebra el D\u00eda Internacional de la Mujer, una fecha que se viene conmemorando desde 1911 para reivindicar la lucha de las mujeres Todos los 8 de marzo, se conmemora en todo el mundo la lucha de las mujeres por la igualdad y el reconocimiento. En Internet Rep\u00fablica hemos hablado con #mujeresSEO y con responsables de equipos para contar su historia.\",\"breadcrumb\":{\"@id\":\"https:\/\/internetrepublica.com\/blog\/apostando-por-la-igualdad-en-el-trabajo-digital\/#breadcrumb\"},\"inLanguage\":\"es\",\"potentialAction\":[{\"@type\":\"ReadAction\",\"target\":[\"https:\/\/internetrepublica.com\/blog\/apostando-por-la-igualdad-en-el-trabajo-digital\/\"]}]},{\"@type\":\"ImageObject\",\"inLanguage\":\"es\",\"@id\":\"https:\/\/internetrepublica.com\/blog\/apostando-por-la-igualdad-en-el-trabajo-digital\/#primaryimage\",\"url\":\"https:\/\/internetrepublica.com\/blog\/wp-content\/uploads\/2019\/03\/8Marzo-blog.png\",\"contentUrl\":\"https:\/\/internetrepublica.com\/blog\/wp-content\/uploads\/2019\/03\/8Marzo-blog.png\",\"width\":1024,\"height\":512,\"caption\":\"8MarzoIR\"},{\"@type\":\"BreadcrumbList\",\"@id\":\"https:\/\/internetrepublica.com\/blog\/apostando-por-la-igualdad-en-el-trabajo-digital\/#breadcrumb\",\"itemListElement\":[{\"@type\":\"ListItem\",\"position\":1,\"name\":\"Agencia Marketing Digital\",\"item\":\"https:\/\/internetrepublica.com\/blog\/\"},{\"@type\":\"ListItem\",\"position\":2,\"name\":\"Cosas nuestras\",\"item\":\"https:\/\/internetrepublica.com\/blog\/cosas-nuestras\/\"},{\"@type\":\"ListItem\",\"position\":3,\"name\":\"Apostando por la igualdad en el trabajo digital\",\"item\":\"https:\/\/internetrepublica.com\/blog\/apostando-por-la-igualdad-en-el-trabajo-digital\/\"}]},{\"@type\":\"WebSite\",\"@id\":\"https:\/\/internetrepublica.com\/blog\/#website\",\"url\":\"https:\/\/internetrepublica.com\/blog\/\",\"name\":\"Internet Rep\u00fablica\",\"description\":\"Agencia SEO y Marketing Digital\",\"potentialAction\":[{\"@type\":\"SearchAction\",\"target\":{\"@type\":\"EntryPoint\",\"urlTemplate\":\"https:\/\/internetrepublica.com\/blog\/?s={search_term_string}\"},\"query-input\":{\"@type\":\"PropertyValueSpecification\",\"valueRequired\":true,\"valueName\":\"search_term_string\"}}],\"inLanguage\":\"es\"},{\"@type\":\"Person\",\"@id\":\"https:\/\/internetrepublica.com\/blog\/#\/schema\/person\/bd9791fd10528a2a566fe7cdb0146de9\",\"name\":\"Internet Rep\u00fablica\",\"image\":{\"@type\":\"ImageObject\",\"inLanguage\":\"es\",\"@id\":\"https:\/\/secure.gravatar.com\/avatar\/6faa042cdb824b8ea62dca05f5a2cc69ec645b229c22a0f4f2d67fad9ec31439?s=96&d=mm&r=g\",\"url\":\"https:\/\/secure.gravatar.com\/avatar\/6faa042cdb824b8ea62dca05f5a2cc69ec645b229c22a0f4f2d67fad9ec31439?s=96&d=mm&r=g\",\"contentUrl\":\"https:\/\/secure.gravatar.com\/avatar\/6faa042cdb824b8ea62dca05f5a2cc69ec645b229c22a0f4f2d67fad9ec31439?s=96&d=mm&r=g\",\"caption\":\"Internet Rep\u00fablica\"},\"description\":\"Somos una agencia de marketing digital especializada en SEO (posicionamiento en buscadores), gesti\u00f3n de reputaci\u00f3n online (ORM), marketing de contenidos y Social Media. Ayudamos a darle visibilidad a tu marca en internet para que consigas, no solo atraer a tus potenciales clientes, sino tambi\u00e9n fidelizarlos.\",\"url\":\"https:\/\/internetrepublica.com\/blog\/author\/redaccion\/\"}]}<\/script>\n<!-- \/ Yoast SEO plugin. -->","yoast_head_json":{"title":"Apostando por la igualdad en el trabajo digital - Internet Rep\u00fablica","description":"El pr\u00f3ximo 8 de marzo se celebra el D\u00eda Internacional de la Mujer, una fecha que se viene conmemorando desde 1911 para reivindicar la lucha de las mujeres Todos los 8 de marzo, se conmemora en todo el mundo la lucha de las mujeres por la igualdad y el reconocimiento. En Internet Rep\u00fablica hemos hablado con #mujeresSEO y con responsables de equipos para contar su historia.","robots":{"index":"index","follow":"follow","max-snippet":"max-snippet:-1","max-image-preview":"max-image-preview:large","max-video-preview":"max-video-preview:-1"},"canonical":"https:\/\/internetrepublica.com\/blog\/apostando-por-la-igualdad-en-el-trabajo-digital\/","og_locale":"es_ES","og_type":"article","og_title":"Apostando por la igualdad en el trabajo digital - Internet Rep\u00fablica","og_description":"El pr\u00f3ximo 8 de marzo se celebra el D\u00eda Internacional de la Mujer, una fecha que se viene conmemorando desde 1911 para reivindicar la lucha de las mujeres Todos los 8 de marzo, se conmemora en todo el mundo la lucha de las mujeres por la igualdad y el reconocimiento. En Internet Rep\u00fablica hemos hablado con #mujeresSEO y con responsables de equipos para contar su historia.","og_url":"https:\/\/internetrepublica.com\/blog\/apostando-por-la-igualdad-en-el-trabajo-digital\/","og_site_name":"Internet Rep\u00fablica","article_published_time":"2019-03-05T11:46:54+00:00","article_modified_time":"2019-03-06T09:33:39+00:00","og_image":[{"width":1024,"height":512,"url":"https:\/\/internetrepublica.com\/blog\/wp-content\/uploads\/2019\/03\/8Marzo-blog.png","type":"image\/png"}],"author":"Internet Rep\u00fablica","twitter_card":"summary_large_image","twitter_misc":{"Escrito por":"Internet Rep\u00fablica","Tiempo de lectura":"8 minutos"},"schema":{"@context":"https:\/\/schema.org","@graph":[{"@type":"Article","@id":"https:\/\/internetrepublica.com\/blog\/apostando-por-la-igualdad-en-el-trabajo-digital\/#article","isPartOf":{"@id":"https:\/\/internetrepublica.com\/blog\/apostando-por-la-igualdad-en-el-trabajo-digital\/"},"author":{"name":"Internet Rep\u00fablica","@id":"https:\/\/internetrepublica.com\/blog\/#\/schema\/person\/bd9791fd10528a2a566fe7cdb0146de9"},"headline":"Apostando por la igualdad en el trabajo digital","datePublished":"2019-03-05T11:46:54+00:00","dateModified":"2019-03-06T09:33:39+00:00","mainEntityOfPage":{"@id":"https:\/\/internetrepublica.com\/blog\/apostando-por-la-igualdad-en-el-trabajo-digital\/"},"wordCount":1549,"commentCount":0,"image":{"@id":"https:\/\/internetrepublica.com\/blog\/apostando-por-la-igualdad-en-el-trabajo-digital\/#primaryimage"},"thumbnailUrl":"https:\/\/internetrepublica.com\/blog\/wp-content\/uploads\/2019\/03\/8Marzo-blog.png","keywords":["D\u00eda de la mujer","Igualdad","mujeres SEO"],"articleSection":["Cosas nuestras","Empleo"],"inLanguage":"es","potentialAction":[{"@type":"CommentAction","name":"Comment","target":["https:\/\/internetrepublica.com\/blog\/apostando-por-la-igualdad-en-el-trabajo-digital\/#respond"]}]},{"@type":"WebPage","@id":"https:\/\/internetrepublica.com\/blog\/apostando-por-la-igualdad-en-el-trabajo-digital\/","url":"https:\/\/internetrepublica.com\/blog\/apostando-por-la-igualdad-en-el-trabajo-digital\/","name":"Apostando por la igualdad en el trabajo digital - Internet Rep\u00fablica","isPartOf":{"@id":"https:\/\/internetrepublica.com\/blog\/#website"},"primaryImageOfPage":{"@id":"https:\/\/internetrepublica.com\/blog\/apostando-por-la-igualdad-en-el-trabajo-digital\/#primaryimage"},"image":{"@id":"https:\/\/internetrepublica.com\/blog\/apostando-por-la-igualdad-en-el-trabajo-digital\/#primaryimage"},"thumbnailUrl":"https:\/\/internetrepublica.com\/blog\/wp-content\/uploads\/2019\/03\/8Marzo-blog.png","datePublished":"2019-03-05T11:46:54+00:00","dateModified":"2019-03-06T09:33:39+00:00","author":{"@id":"https:\/\/internetrepublica.com\/blog\/#\/schema\/person\/bd9791fd10528a2a566fe7cdb0146de9"},"description":"El pr\u00f3ximo 8 de marzo se celebra el D\u00eda Internacional de la Mujer, una fecha que se viene conmemorando desde 1911 para reivindicar la lucha de las mujeres Todos los 8 de marzo, se conmemora en todo el mundo la lucha de las mujeres por la igualdad y el reconocimiento. En Internet Rep\u00fablica hemos hablado con #mujeresSEO y con responsables de equipos para contar su historia.","breadcrumb":{"@id":"https:\/\/internetrepublica.com\/blog\/apostando-por-la-igualdad-en-el-trabajo-digital\/#breadcrumb"},"inLanguage":"es","potentialAction":[{"@type":"ReadAction","target":["https:\/\/internetrepublica.com\/blog\/apostando-por-la-igualdad-en-el-trabajo-digital\/"]}]},{"@type":"ImageObject","inLanguage":"es","@id":"https:\/\/internetrepublica.com\/blog\/apostando-por-la-igualdad-en-el-trabajo-digital\/#primaryimage","url":"https:\/\/internetrepublica.com\/blog\/wp-content\/uploads\/2019\/03\/8Marzo-blog.png","contentUrl":"https:\/\/internetrepublica.com\/blog\/wp-content\/uploads\/2019\/03\/8Marzo-blog.png","width":1024,"height":512,"caption":"8MarzoIR"},{"@type":"BreadcrumbList","@id":"https:\/\/internetrepublica.com\/blog\/apostando-por-la-igualdad-en-el-trabajo-digital\/#breadcrumb","itemListElement":[{"@type":"ListItem","position":1,"name":"Agencia Marketing Digital","item":"https:\/\/internetrepublica.com\/blog\/"},{"@type":"ListItem","position":2,"name":"Cosas nuestras","item":"https:\/\/internetrepublica.com\/blog\/cosas-nuestras\/"},{"@type":"ListItem","position":3,"name":"Apostando por la igualdad en el trabajo digital","item":"https:\/\/internetrepublica.com\/blog\/apostando-por-la-igualdad-en-el-trabajo-digital\/"}]},{"@type":"WebSite","@id":"https:\/\/internetrepublica.com\/blog\/#website","url":"https:\/\/internetrepublica.com\/blog\/","name":"Internet Rep\u00fablica","description":"Agencia SEO y Marketing Digital","potentialAction":[{"@type":"SearchAction","target":{"@type":"EntryPoint","urlTemplate":"https:\/\/internetrepublica.com\/blog\/?s={search_term_string}"},"query-input":{"@type":"PropertyValueSpecification","valueRequired":true,"valueName":"search_term_string"}}],"inLanguage":"es"},{"@type":"Person","@id":"https:\/\/internetrepublica.com\/blog\/#\/schema\/person\/bd9791fd10528a2a566fe7cdb0146de9","name":"Internet Rep\u00fablica","image":{"@type":"ImageObject","inLanguage":"es","@id":"https:\/\/secure.gravatar.com\/avatar\/6faa042cdb824b8ea62dca05f5a2cc69ec645b229c22a0f4f2d67fad9ec31439?s=96&d=mm&r=g","url":"https:\/\/secure.gravatar.com\/avatar\/6faa042cdb824b8ea62dca05f5a2cc69ec645b229c22a0f4f2d67fad9ec31439?s=96&d=mm&r=g","contentUrl":"https:\/\/secure.gravatar.com\/avatar\/6faa042cdb824b8ea62dca05f5a2cc69ec645b229c22a0f4f2d67fad9ec31439?s=96&d=mm&r=g","caption":"Internet Rep\u00fablica"},"description":"Somos una agencia de marketing digital especializada en SEO (posicionamiento en buscadores), gesti\u00f3n de reputaci\u00f3n online (ORM), marketing de contenidos y Social Media. Ayudamos a darle visibilidad a tu marca en internet para que consigas, no solo atraer a tus potenciales clientes, sino tambi\u00e9n fidelizarlos.","url":"https:\/\/internetrepublica.com\/blog\/author\/redaccion\/"}]}},"_links":{"self":[{"href":"https:\/\/internetrepublica.com\/blog\/wp-json\/wp\/v2\/posts\/67741","targetHints":{"allow":["GET"]}}],"collection":[{"href":"https:\/\/internetrepublica.com\/blog\/wp-json\/wp\/v2\/posts"}],"about":[{"href":"https:\/\/internetrepublica.com\/blog\/wp-json\/wp\/v2\/types\/post"}],"author":[{"embeddable":true,"href":"https:\/\/internetrepublica.com\/blog\/wp-json\/wp\/v2\/users\/3"}],"replies":[{"embeddable":true,"href":"https:\/\/internetrepublica.com\/blog\/wp-json\/wp\/v2\/comments?post=67741"}],"version-history":[{"count":8,"href":"https:\/\/internetrepublica.com\/blog\/wp-json\/wp\/v2\/posts\/67741\/revisions"}],"predecessor-version":[{"id":67817,"href":"https:\/\/internetrepublica.com\/blog\/wp-json\/wp\/v2\/posts\/67741\/revisions\/67817"}],"wp:featuredmedia":[{"embeddable":true,"href":"https:\/\/internetrepublica.com\/blog\/wp-json\/wp\/v2\/media\/67772"}],"wp:attachment":[{"href":"https:\/\/internetrepublica.com\/blog\/wp-json\/wp\/v2\/media?parent=67741"}],"wp:term":[{"taxonomy":"category","embeddable":true,"href":"https:\/\/internetrepublica.com\/blog\/wp-json\/wp\/v2\/categories?post=67741"},{"taxonomy":"post_tag","embeddable":true,"href":"https:\/\/internetrepublica.com\/blog\/wp-json\/wp\/v2\/tags?post=67741"}],"curies":[{"name":"wp","href":"https:\/\/api.w.org\/{rel}","templated":true}]}}