{"id":62607,"date":"2016-12-28T15:21:38","date_gmt":"2016-12-28T14:21:38","guid":{"rendered":"https:\/\/internetrepublica.com\/?p=62607\/"},"modified":"2017-01-05T10:37:12","modified_gmt":"2017-01-05T09:37:12","slug":"asi-ha-sido-el-2016-en-redes-sociales","status":"publish","type":"post","link":"https:\/\/internetrepublica.com\/blog\/asi-ha-sido-el-2016-en-redes-sociales\/","title":{"rendered":"As\u00ed ha sido el 2016 en redes sociales"},"content":{"rendered":"<p>El 2016 ya est\u00e1 dando los \u00faltimos coletazos y como cada a\u00f1o, llega el momento de echar la vista atr\u00e1s y ver los acontecimientos que m\u00e1s han dado que hablar en nuestras queridas redes sociales.<\/p>\n<p>&nbsp;<\/p>\n<p>Si este a\u00f1o ha estado marcado por algo ha sido por el deporte. En junio todas las redes sociales se volcaban con la selecci\u00f3n de su correspondiente pa\u00eds para apoyar a sus futbolistas\u00a0en los partidos de la Eurocopa.<\/p>\n<p>&nbsp;<\/p>\n<p>Aunque hubo que esperar al mes de agosto para que llegara uno de los eventos deportivos m\u00e1s importante del a\u00f1o:<strong> los Juegos Ol\u00edmpicos de Rio 2016<\/strong>. Todo el planeta ten\u00eda la vista puesta en Brasil \u00a1y no es para menos! M\u00e1s de 15.000 atletas procedentes de m\u00e1s de 200 pa\u00edses compet\u00edan en los 42 deportes para hacerse con la preciada medalla de oro.<\/p>\n<p>&nbsp;<\/p>\n<p>Pero deportes a un lado, fue en el mes de julio cuando todos nos volvimos locos con <strong>la fiebre de Pok\u00e9mon Go<\/strong>. Nintendo lanz\u00f3 su nueva aplicaci\u00f3n en la que permite a los usuarios ir por las ciudades capturando pokemons e incluso se crearon eventos para reunir a sus seguidores e ir a capturar a las criaturas. \u00a1Y c\u00f3mo no! Todos los trucos y ubicaciones de los pok\u00e9mons eran compartidos en redes sociales.<\/p>\n<p>&nbsp;<\/p>\n<p><strong>\u00bfPero sabes cu\u00e1l ha sido el tuit m\u00e1s retuiteado del a\u00f1o?<\/strong> No ha sido otro que uno del Rubius en el que solo pon\u00eda \u201cLimonada\u201d y un emoji. Consiguiendo m\u00e1s de un mill\u00f3n de retuits y de me gustas. Pero no solo ha sido el tuit con m\u00e1s alcance del a\u00f1o, tambi\u00e9n ha conseguido situarse como el tercero m\u00e1s reutitado en los 10 a\u00f1os de historia de Twitter.<\/p>\n<p>&nbsp;<\/p>\n<blockquote class=\"twitter-tweet\" data-width=\"550\" data-dnt=\"true\">\n<p lang=\"en\" dir=\"ltr\">When life gives <a href=\"https:\/\/twitter.com\/Rubiu5?ref_src=twsrc%5Etfw\">@Rubiu5<\/a> lemons, he makes the most Retweeted Tweet of the year. <a href=\"https:\/\/twitter.com\/hashtag\/ThisHappened?src=hash&amp;ref_src=twsrc%5Etfw\">#ThisHappened<\/a> <a href=\"https:\/\/t.co\/HtaTy1W5Tg\">pic.twitter.com\/HtaTy1W5Tg<\/a><\/p>\n<p>&mdash; Twitter (@Twitter) <a href=\"https:\/\/twitter.com\/Twitter\/status\/806136211899195392?ref_src=twsrc%5Etfw\">December 6, 2016<\/a><\/p><\/blockquote>\n<p><script async src=\"https:\/\/platform.twitter.com\/widgets.js\" charset=\"utf-8\"><\/script><\/p>\n<p>&nbsp;<\/p>\n<p>Otro momento que no ha pasado por alto en redes sociales han sido las elecciones norteamericanas. El 8 de noviembre todo el mundo daba su opini\u00f3n sobre la victoria de Donald Trump y los memes no tardaron en surgir.<\/p>\n<p>&nbsp;<\/p>\n<p><img loading=\"lazy\" decoding=\"async\" class=\"alignnone wp-image-62611 size-full\" src=\"https:\/\/internetrepublica.com\/wp-content\/uploads\/2016\/12\/e2vocy3i8zvhb1zhxf1b.gif\" alt=\"simson y donald trump\" width=\"800\" height=\"450\" \/><\/p>\n<p>Pero los temas que m\u00e1s han dado que hablar en Espa\u00f1a en Twitter han sido:<\/p>\n<p>&nbsp;<\/p>\n<ul>\n<li>Eurovisi\u00f3n<\/li>\n<li>R\u00edo 2016<\/li>\n<li>Pok\u00e9mon go<\/li>\n<li>Euro2016<\/li>\n<li>Brexit<\/li>\n<li>Debate 13J<\/li>\n<\/ul>\n<h2><strong>\u00bfY en YouTube? <\/strong><\/h2>\n<p>Cada a\u00f1o Yotube publica su v\u00eddeo #YouTubeRewind con los v\u00eddeos m\u00e1s vistos y los personajes m\u00e1s relevantes del a\u00f1o. Este a\u00f1o se han colado tres youtubers espa\u00f1oles en \u00e9l: El Rubius, TheWillyRex y YellowMellow.<\/p>\n<p style=\"text-align: center;\"><iframe loading=\"lazy\" src=\"https:\/\/www.youtube.com\/embed\/_GuOjXYl5ew\" width=\"560\" height=\"315\" frameborder=\"0\" allowfullscreen=\"allowfullscreen\"><\/iframe><\/p>\n<p>\u00bfY cu\u00e1les han sido los v\u00eddeos m\u00e1s vistos?<\/p>\n<ul>\n<li>La Roja Baila<\/li>\n<li>Los Morancos versionando la Bicicleta<\/li>\n<li>PPaP Pen Pineapple Apple Pen \u2013 Chee yee Teoh<\/li>\n<li>Anuncio de la Loter\u00eda de Navidad 2016<\/li>\n<li>Pokemon HEYEYEAH ft Narehop \u2013 (Parodia \u201chey yea Yea Ye\u201d<\/li>\n<\/ul>\n<h2><strong>En Instagram<\/strong><\/h2>\n<p>Se ha consolidado como red social por excelencia en lo que respecta a las fotos e im\u00e1genes. Adem\u00e1s de plantarle cara a Snapchat con la creaci\u00f3n de Instagram Sotories, las cuentas no han dejado de aumentar sus seguidores, \u00bflas que m\u00e1s? El perfil de Selena G\u00f3mez, Taylor Swift y Ariana Grande.<\/p>\n<p>&nbsp;<\/p>\n<p>Aunque la foto m\u00e1s compartida ha sido de Selene G\u00f3mez y ha conseguido m\u00e1s de 6 millones de likes.<\/p>\n<p>&nbsp;<\/p>\n<blockquote class=\"instagram-media\" style=\"background: #FFF; border: 0; border-radius: 3px; box-shadow: 0 0 1px 0 rgba(0,0,0,0.5),0 1px 10px 0 rgba(0,0,0,0.15); margin: 1px; max-width: 658px; padding: 0; width: calc(100% - 2px);\" data-instgrm-captioned=\"\" data-instgrm-version=\"7\">\n<div style=\"padding: 8px;\">\n<div style=\"background: #F8F8F8; line-height: 0; margin-top: 40px; padding: 62.4537037037% 0; text-align: center; width: 100%;\"><\/div>\n<p style=\"margin: 8px 0 0 0; padding: 0 4px;\"><a style=\"color: #000; font-family: Arial,sans-serif; font-size: 14px; font-style: normal; font-weight: normal; line-height: 17px; text-decoration: none; word-wrap: break-word;\" href=\"https:\/\/www.instagram.com\/p\/BHF4NdhhOmc\/\" target=\"_blank\">when your lyrics are on the bottle \ud83d\ude1b #ad<\/a><\/p>\n<p style=\"color: #c9c8cd; font-family: Arial,sans-serif; font-size: 14px; line-height: 17px; margin-bottom: 0; margin-top: 8px; overflow: hidden; padding: 8px 0 7px; text-align: center; text-overflow: ellipsis; white-space: nowrap;\">Una foto publicada por Selena Gomez (@selenagomez) el <time style=\"font-family: Arial,sans-serif; font-size: 14px; line-height: 17px;\" datetime=\"2016-06-25T21:03:23+00:00\">25 de Jun de 2016 a la(s) 2:03 PDT<\/time><\/p>\n<\/div>\n<\/blockquote>\n<p><script async defer src=\"\/\/platform.instagram.com\/en_US\/embeds.js\"><\/script><\/p>\n<p>&nbsp;<\/p>\n<p>&nbsp;<\/p>\n<p>\u00bfY para ti? \u00bfCu\u00e1l ha sido el momento m\u00e1s relevante en redes sociales durante el 2016?<\/p>\n<p>&nbsp;<\/p>\n<p>&nbsp;<\/p>\n<p>&nbsp;<\/p>\n","protected":false},"excerpt":{"rendered":"<p>El 2016 ya est\u00e1 dando los \u00faltimos coletazos y como cada a\u00f1o, llega el momento de echar la vista atr\u00e1s y ver los acontecimientos que&#8230;<\/p>\n","protected":false},"author":3,"featured_media":62620,"comment_status":"open","ping_status":"closed","sticky":false,"template":"","format":"standard","meta":{"content-type":"","inline_featured_image":false,"footnotes":""},"categories":[120],"tags":[319,387,513,597],"class_list":["post-62607","post","type-post","status-publish","format-standard","has-post-thumbnail","hentry","category-social-media","tag-facebook","tag-instagram","tag-redes-sociales","tag-twitter"],"yoast_head":"<!-- This site is optimized with the Yoast SEO plugin v27.2 - https:\/\/yoast.com\/product\/yoast-seo-wordpress\/ -->\n<title>As\u00ed ha sido el 2016 en redes sociales<\/title>\n<meta name=\"description\" content=\"As\u00ed ha sido el 2016 en redes sociales, con deportes, hitos y personajes importantes que han adquirido su importancia en social media.\" \/>\n<meta name=\"robots\" content=\"index, follow, max-snippet:-1, max-image-preview:large, max-video-preview:-1\" \/>\n<link rel=\"canonical\" href=\"https:\/\/internetrepublica.com\/blog\/asi-ha-sido-el-2016-en-redes-sociales\/\" \/>\n<meta property=\"og:locale\" content=\"es_ES\" \/>\n<meta property=\"og:type\" content=\"article\" \/>\n<meta property=\"og:title\" content=\"As\u00ed ha sido el 2016 en redes sociales\" \/>\n<meta property=\"og:description\" content=\"As\u00ed ha sido el 2016 en redes sociales, con deportes, hitos y personajes importantes que han adquirido su importancia en social media.\" \/>\n<meta property=\"og:url\" content=\"https:\/\/internetrepublica.com\/blog\/asi-ha-sido-el-2016-en-redes-sociales\/\" \/>\n<meta property=\"og:site_name\" content=\"Internet Rep\u00fablica\" \/>\n<meta property=\"article:published_time\" content=\"2016-12-28T14:21:38+00:00\" \/>\n<meta property=\"article:modified_time\" content=\"2017-01-05T09:37:12+00:00\" \/>\n<meta property=\"og:image\" content=\"https:\/\/internetrepublica.com\/blog\/wp-content\/uploads\/2016\/12\/canstockphoto32787977.jpg\" \/>\n\t<meta property=\"og:image:width\" content=\"800\" \/>\n\t<meta property=\"og:image:height\" content=\"574\" \/>\n\t<meta property=\"og:image:type\" content=\"image\/jpeg\" \/>\n<meta name=\"author\" content=\"Internet Rep\u00fablica\" \/>\n<meta name=\"twitter:card\" content=\"summary_large_image\" \/>\n<meta name=\"twitter:label1\" content=\"Escrito por\" \/>\n\t<meta name=\"twitter:data1\" content=\"Internet Rep\u00fablica\" \/>\n\t<meta name=\"twitter:label2\" content=\"Tiempo de lectura\" \/>\n\t<meta name=\"twitter:data2\" content=\"3 minutos\" \/>\n<script type=\"application\/ld+json\" class=\"yoast-schema-graph\">{\"@context\":\"https:\/\/schema.org\",\"@graph\":[{\"@type\":\"Article\",\"@id\":\"https:\/\/internetrepublica.com\/blog\/asi-ha-sido-el-2016-en-redes-sociales\/#article\",\"isPartOf\":{\"@id\":\"https:\/\/internetrepublica.com\/blog\/asi-ha-sido-el-2016-en-redes-sociales\/\"},\"author\":{\"name\":\"Internet Rep\u00fablica\",\"@id\":\"https:\/\/internetrepublica.com\/blog\/#\/schema\/person\/bd9791fd10528a2a566fe7cdb0146de9\"},\"headline\":\"As\u00ed ha sido el 2016 en redes sociales\",\"datePublished\":\"2016-12-28T14:21:38+00:00\",\"dateModified\":\"2017-01-05T09:37:12+00:00\",\"mainEntityOfPage\":{\"@id\":\"https:\/\/internetrepublica.com\/blog\/asi-ha-sido-el-2016-en-redes-sociales\/\"},\"wordCount\":602,\"commentCount\":0,\"image\":{\"@id\":\"https:\/\/internetrepublica.com\/blog\/asi-ha-sido-el-2016-en-redes-sociales\/#primaryimage\"},\"thumbnailUrl\":\"https:\/\/internetrepublica.com\/blog\/wp-content\/uploads\/2016\/12\/canstockphoto32787977.jpg\",\"keywords\":[\"Facebook\",\"Instagram\",\"Redes sociales\",\"Twitter\"],\"articleSection\":[\"Social Media\"],\"inLanguage\":\"es\",\"potentialAction\":[{\"@type\":\"CommentAction\",\"name\":\"Comment\",\"target\":[\"https:\/\/internetrepublica.com\/blog\/asi-ha-sido-el-2016-en-redes-sociales\/#respond\"]}]},{\"@type\":\"WebPage\",\"@id\":\"https:\/\/internetrepublica.com\/blog\/asi-ha-sido-el-2016-en-redes-sociales\/\",\"url\":\"https:\/\/internetrepublica.com\/blog\/asi-ha-sido-el-2016-en-redes-sociales\/\",\"name\":\"As\u00ed ha sido el 2016 en redes sociales\",\"isPartOf\":{\"@id\":\"https:\/\/internetrepublica.com\/blog\/#website\"},\"primaryImageOfPage\":{\"@id\":\"https:\/\/internetrepublica.com\/blog\/asi-ha-sido-el-2016-en-redes-sociales\/#primaryimage\"},\"image\":{\"@id\":\"https:\/\/internetrepublica.com\/blog\/asi-ha-sido-el-2016-en-redes-sociales\/#primaryimage\"},\"thumbnailUrl\":\"https:\/\/internetrepublica.com\/blog\/wp-content\/uploads\/2016\/12\/canstockphoto32787977.jpg\",\"datePublished\":\"2016-12-28T14:21:38+00:00\",\"dateModified\":\"2017-01-05T09:37:12+00:00\",\"author\":{\"@id\":\"https:\/\/internetrepublica.com\/blog\/#\/schema\/person\/bd9791fd10528a2a566fe7cdb0146de9\"},\"description\":\"As\u00ed ha sido el 2016 en redes sociales, con deportes, hitos y personajes importantes que han adquirido su importancia en social media.\",\"breadcrumb\":{\"@id\":\"https:\/\/internetrepublica.com\/blog\/asi-ha-sido-el-2016-en-redes-sociales\/#breadcrumb\"},\"inLanguage\":\"es\",\"potentialAction\":[{\"@type\":\"ReadAction\",\"target\":[\"https:\/\/internetrepublica.com\/blog\/asi-ha-sido-el-2016-en-redes-sociales\/\"]}]},{\"@type\":\"ImageObject\",\"inLanguage\":\"es\",\"@id\":\"https:\/\/internetrepublica.com\/blog\/asi-ha-sido-el-2016-en-redes-sociales\/#primaryimage\",\"url\":\"https:\/\/internetrepublica.com\/blog\/wp-content\/uploads\/2016\/12\/canstockphoto32787977.jpg\",\"contentUrl\":\"https:\/\/internetrepublica.com\/blog\/wp-content\/uploads\/2016\/12\/canstockphoto32787977.jpg\",\"width\":800,\"height\":574,\"caption\":\"2016 en redes sociales\"},{\"@type\":\"BreadcrumbList\",\"@id\":\"https:\/\/internetrepublica.com\/blog\/asi-ha-sido-el-2016-en-redes-sociales\/#breadcrumb\",\"itemListElement\":[{\"@type\":\"ListItem\",\"position\":1,\"name\":\"Agencia Marketing Digital\",\"item\":\"https:\/\/internetrepublica.com\/blog\/\"},{\"@type\":\"ListItem\",\"position\":2,\"name\":\"Social Media\",\"item\":\"https:\/\/internetrepublica.com\/blog\/social-media\/\"},{\"@type\":\"ListItem\",\"position\":3,\"name\":\"As\u00ed ha sido el 2016 en redes sociales\",\"item\":\"https:\/\/internetrepublica.com\/blog\/asi-ha-sido-el-2016-en-redes-sociales\/\"}]},{\"@type\":\"WebSite\",\"@id\":\"https:\/\/internetrepublica.com\/blog\/#website\",\"url\":\"https:\/\/internetrepublica.com\/blog\/\",\"name\":\"Internet Rep\u00fablica\",\"description\":\"Agencia SEO y Marketing Digital\",\"potentialAction\":[{\"@type\":\"SearchAction\",\"target\":{\"@type\":\"EntryPoint\",\"urlTemplate\":\"https:\/\/internetrepublica.com\/blog\/?s={search_term_string}\"},\"query-input\":{\"@type\":\"PropertyValueSpecification\",\"valueRequired\":true,\"valueName\":\"search_term_string\"}}],\"inLanguage\":\"es\"},{\"@type\":\"Person\",\"@id\":\"https:\/\/internetrepublica.com\/blog\/#\/schema\/person\/bd9791fd10528a2a566fe7cdb0146de9\",\"name\":\"Internet Rep\u00fablica\",\"image\":{\"@type\":\"ImageObject\",\"inLanguage\":\"es\",\"@id\":\"https:\/\/secure.gravatar.com\/avatar\/6faa042cdb824b8ea62dca05f5a2cc69ec645b229c22a0f4f2d67fad9ec31439?s=96&d=mm&r=g\",\"url\":\"https:\/\/secure.gravatar.com\/avatar\/6faa042cdb824b8ea62dca05f5a2cc69ec645b229c22a0f4f2d67fad9ec31439?s=96&d=mm&r=g\",\"contentUrl\":\"https:\/\/secure.gravatar.com\/avatar\/6faa042cdb824b8ea62dca05f5a2cc69ec645b229c22a0f4f2d67fad9ec31439?s=96&d=mm&r=g\",\"caption\":\"Internet Rep\u00fablica\"},\"description\":\"Somos una agencia de marketing digital especializada en SEO (posicionamiento en buscadores), gesti\u00f3n de reputaci\u00f3n online (ORM), marketing de contenidos y Social Media. Ayudamos a darle visibilidad a tu marca en internet para que consigas, no solo atraer a tus potenciales clientes, sino tambi\u00e9n fidelizarlos.\",\"url\":\"https:\/\/internetrepublica.com\/blog\/author\/redaccion\/\"}]}<\/script>\n<!-- \/ Yoast SEO plugin. -->","yoast_head_json":{"title":"As\u00ed ha sido el 2016 en redes sociales","description":"As\u00ed ha sido el 2016 en redes sociales, con deportes, hitos y personajes importantes que han adquirido su importancia en social media.","robots":{"index":"index","follow":"follow","max-snippet":"max-snippet:-1","max-image-preview":"max-image-preview:large","max-video-preview":"max-video-preview:-1"},"canonical":"https:\/\/internetrepublica.com\/blog\/asi-ha-sido-el-2016-en-redes-sociales\/","og_locale":"es_ES","og_type":"article","og_title":"As\u00ed ha sido el 2016 en redes sociales","og_description":"As\u00ed ha sido el 2016 en redes sociales, con deportes, hitos y personajes importantes que han adquirido su importancia en social media.","og_url":"https:\/\/internetrepublica.com\/blog\/asi-ha-sido-el-2016-en-redes-sociales\/","og_site_name":"Internet Rep\u00fablica","article_published_time":"2016-12-28T14:21:38+00:00","article_modified_time":"2017-01-05T09:37:12+00:00","og_image":[{"width":800,"height":574,"url":"https:\/\/internetrepublica.com\/blog\/wp-content\/uploads\/2016\/12\/canstockphoto32787977.jpg","type":"image\/jpeg"}],"author":"Internet Rep\u00fablica","twitter_card":"summary_large_image","twitter_misc":{"Escrito por":"Internet Rep\u00fablica","Tiempo de lectura":"3 minutos"},"schema":{"@context":"https:\/\/schema.org","@graph":[{"@type":"Article","@id":"https:\/\/internetrepublica.com\/blog\/asi-ha-sido-el-2016-en-redes-sociales\/#article","isPartOf":{"@id":"https:\/\/internetrepublica.com\/blog\/asi-ha-sido-el-2016-en-redes-sociales\/"},"author":{"name":"Internet Rep\u00fablica","@id":"https:\/\/internetrepublica.com\/blog\/#\/schema\/person\/bd9791fd10528a2a566fe7cdb0146de9"},"headline":"As\u00ed ha sido el 2016 en redes sociales","datePublished":"2016-12-28T14:21:38+00:00","dateModified":"2017-01-05T09:37:12+00:00","mainEntityOfPage":{"@id":"https:\/\/internetrepublica.com\/blog\/asi-ha-sido-el-2016-en-redes-sociales\/"},"wordCount":602,"commentCount":0,"image":{"@id":"https:\/\/internetrepublica.com\/blog\/asi-ha-sido-el-2016-en-redes-sociales\/#primaryimage"},"thumbnailUrl":"https:\/\/internetrepublica.com\/blog\/wp-content\/uploads\/2016\/12\/canstockphoto32787977.jpg","keywords":["Facebook","Instagram","Redes sociales","Twitter"],"articleSection":["Social Media"],"inLanguage":"es","potentialAction":[{"@type":"CommentAction","name":"Comment","target":["https:\/\/internetrepublica.com\/blog\/asi-ha-sido-el-2016-en-redes-sociales\/#respond"]}]},{"@type":"WebPage","@id":"https:\/\/internetrepublica.com\/blog\/asi-ha-sido-el-2016-en-redes-sociales\/","url":"https:\/\/internetrepublica.com\/blog\/asi-ha-sido-el-2016-en-redes-sociales\/","name":"As\u00ed ha sido el 2016 en redes sociales","isPartOf":{"@id":"https:\/\/internetrepublica.com\/blog\/#website"},"primaryImageOfPage":{"@id":"https:\/\/internetrepublica.com\/blog\/asi-ha-sido-el-2016-en-redes-sociales\/#primaryimage"},"image":{"@id":"https:\/\/internetrepublica.com\/blog\/asi-ha-sido-el-2016-en-redes-sociales\/#primaryimage"},"thumbnailUrl":"https:\/\/internetrepublica.com\/blog\/wp-content\/uploads\/2016\/12\/canstockphoto32787977.jpg","datePublished":"2016-12-28T14:21:38+00:00","dateModified":"2017-01-05T09:37:12+00:00","author":{"@id":"https:\/\/internetrepublica.com\/blog\/#\/schema\/person\/bd9791fd10528a2a566fe7cdb0146de9"},"description":"As\u00ed ha sido el 2016 en redes sociales, con deportes, hitos y personajes importantes que han adquirido su importancia en social media.","breadcrumb":{"@id":"https:\/\/internetrepublica.com\/blog\/asi-ha-sido-el-2016-en-redes-sociales\/#breadcrumb"},"inLanguage":"es","potentialAction":[{"@type":"ReadAction","target":["https:\/\/internetrepublica.com\/blog\/asi-ha-sido-el-2016-en-redes-sociales\/"]}]},{"@type":"ImageObject","inLanguage":"es","@id":"https:\/\/internetrepublica.com\/blog\/asi-ha-sido-el-2016-en-redes-sociales\/#primaryimage","url":"https:\/\/internetrepublica.com\/blog\/wp-content\/uploads\/2016\/12\/canstockphoto32787977.jpg","contentUrl":"https:\/\/internetrepublica.com\/blog\/wp-content\/uploads\/2016\/12\/canstockphoto32787977.jpg","width":800,"height":574,"caption":"2016 en redes sociales"},{"@type":"BreadcrumbList","@id":"https:\/\/internetrepublica.com\/blog\/asi-ha-sido-el-2016-en-redes-sociales\/#breadcrumb","itemListElement":[{"@type":"ListItem","position":1,"name":"Agencia Marketing Digital","item":"https:\/\/internetrepublica.com\/blog\/"},{"@type":"ListItem","position":2,"name":"Social Media","item":"https:\/\/internetrepublica.com\/blog\/social-media\/"},{"@type":"ListItem","position":3,"name":"As\u00ed ha sido el 2016 en redes sociales","item":"https:\/\/internetrepublica.com\/blog\/asi-ha-sido-el-2016-en-redes-sociales\/"}]},{"@type":"WebSite","@id":"https:\/\/internetrepublica.com\/blog\/#website","url":"https:\/\/internetrepublica.com\/blog\/","name":"Internet Rep\u00fablica","description":"Agencia SEO y Marketing Digital","potentialAction":[{"@type":"SearchAction","target":{"@type":"EntryPoint","urlTemplate":"https:\/\/internetrepublica.com\/blog\/?s={search_term_string}"},"query-input":{"@type":"PropertyValueSpecification","valueRequired":true,"valueName":"search_term_string"}}],"inLanguage":"es"},{"@type":"Person","@id":"https:\/\/internetrepublica.com\/blog\/#\/schema\/person\/bd9791fd10528a2a566fe7cdb0146de9","name":"Internet Rep\u00fablica","image":{"@type":"ImageObject","inLanguage":"es","@id":"https:\/\/secure.gravatar.com\/avatar\/6faa042cdb824b8ea62dca05f5a2cc69ec645b229c22a0f4f2d67fad9ec31439?s=96&d=mm&r=g","url":"https:\/\/secure.gravatar.com\/avatar\/6faa042cdb824b8ea62dca05f5a2cc69ec645b229c22a0f4f2d67fad9ec31439?s=96&d=mm&r=g","contentUrl":"https:\/\/secure.gravatar.com\/avatar\/6faa042cdb824b8ea62dca05f5a2cc69ec645b229c22a0f4f2d67fad9ec31439?s=96&d=mm&r=g","caption":"Internet Rep\u00fablica"},"description":"Somos una agencia de marketing digital especializada en SEO (posicionamiento en buscadores), gesti\u00f3n de reputaci\u00f3n online (ORM), marketing de contenidos y Social Media. Ayudamos a darle visibilidad a tu marca en internet para que consigas, no solo atraer a tus potenciales clientes, sino tambi\u00e9n fidelizarlos.","url":"https:\/\/internetrepublica.com\/blog\/author\/redaccion\/"}]}},"_links":{"self":[{"href":"https:\/\/internetrepublica.com\/blog\/wp-json\/wp\/v2\/posts\/62607","targetHints":{"allow":["GET"]}}],"collection":[{"href":"https:\/\/internetrepublica.com\/blog\/wp-json\/wp\/v2\/posts"}],"about":[{"href":"https:\/\/internetrepublica.com\/blog\/wp-json\/wp\/v2\/types\/post"}],"author":[{"embeddable":true,"href":"https:\/\/internetrepublica.com\/blog\/wp-json\/wp\/v2\/users\/3"}],"replies":[{"embeddable":true,"href":"https:\/\/internetrepublica.com\/blog\/wp-json\/wp\/v2\/comments?post=62607"}],"version-history":[{"count":20,"href":"https:\/\/internetrepublica.com\/blog\/wp-json\/wp\/v2\/posts\/62607\/revisions"}],"predecessor-version":[{"id":62773,"href":"https:\/\/internetrepublica.com\/blog\/wp-json\/wp\/v2\/posts\/62607\/revisions\/62773"}],"wp:featuredmedia":[{"embeddable":true,"href":"https:\/\/internetrepublica.com\/blog\/wp-json\/wp\/v2\/media\/62620"}],"wp:attachment":[{"href":"https:\/\/internetrepublica.com\/blog\/wp-json\/wp\/v2\/media?parent=62607"}],"wp:term":[{"taxonomy":"category","embeddable":true,"href":"https:\/\/internetrepublica.com\/blog\/wp-json\/wp\/v2\/categories?post=62607"},{"taxonomy":"post_tag","embeddable":true,"href":"https:\/\/internetrepublica.com\/blog\/wp-json\/wp\/v2\/tags?post=62607"}],"curies":[{"name":"wp","href":"https:\/\/api.w.org\/{rel}","templated":true}]}}