{"id":5928,"date":"2015-08-05T09:02:52","date_gmt":"2015-08-05T07:02:52","guid":{"rendered":"https:\/\/internetrepublica.com\/?p=5928"},"modified":"2016-08-16T14:01:34","modified_gmt":"2016-08-16T12:01:34","slug":"como-elaborar-un-calendario-editorial-de-social-media","status":"publish","type":"post","link":"https:\/\/internetrepublica.com\/blog\/como-elaborar-un-calendario-editorial-de-social-media\/","title":{"rendered":"C\u00f3mo elaborar un calendario editorial de Social Media"},"content":{"rendered":"<p>&nbsp;<\/p>\n<p>\u00bfCu\u00e1ntas veces has escuchado aquello de <strong>\u201cel contenido es el rey\u201d<\/strong>?<br \/>\nSeguro que muchas, much\u00edsimas de hecho. Pero no podr\u00eda ser m\u00e1s cierto.<\/p>\n<p>En un <a href=\"https:\/\/internetrepublica.com\/programacion-de-contenidos-ventajas-limitaciones-y-herramientas\/\" target=\"_blank\">post pasado<\/a> hablamos sobre la programaci\u00f3n de contenidos, sus ventajas, limitaciones y mencionamos las mejores herramientas para ello. En definitiva, conclu\u00edamos que es una buena forma de organizarse y ahorrar tiempo. Hoy damos un paso m\u00e1s y hablamos sobre c\u00f3mo elaborar un calendario editorial de <em>social media<\/em>. O lo que es lo mismo, <strong>un plan de contenidos para redes sociales y blogs<\/strong>.<\/p>\n<blockquote><p>La finalidad de un calendario editorial es elaborar contenidos para los distintos canales y clientes (procede), definir sus caracter\u00edsticas y establecer un horario de publicaci\u00f3n. <strong>La prioridad absoluta es que los contenidos sean propios, de valor y que atraigan, involucren e interact\u00faen con los usuarios<\/strong> de modo que pueda denominarse <em>inbound marketing<\/em>.<\/p><\/blockquote>\n<h2>Definici\u00f3n de objetivos<\/h2>\n<p>El primer paso ser\u00e1 definir los objetivos de los contenidos. \u00c9stos, a su vez, <strong>han de estar alineados<\/strong>, no solo con los objetivos de <em>social media<\/em>, sino tambi\u00e9n <strong>con los objetivos globales de la empresa<\/strong>.<\/p>\n<p>Cu\u00e1les ser\u00e1n depender\u00e1 de las expectativas de la empresa y la estrategia de <em>social media<\/em>. Por ello, es recomendable dividirlos en categor\u00edas, como podr\u00edan ser:<\/p>\n<p>&#8211; Difundir marca\/producto\/servicio.<br \/>\n&#8211; Potenciar la marca personal.<br \/>\n&#8211; Obtener colaboraciones corporativas.<br \/>\n&#8211; Atraer y\/o fidelizar clientes.<br \/>\n&#8211; Promocionar puestos de trabajo.<br \/>\n&#8211; Educar e informar a personas del sector.<\/p>\n<p><strong>Es imprescindible tratar cada canal de forma individual<\/strong>. Cada plataforma o red social es un mundo, exigiendo una estrategia independiente y un trato distinto. Si buscas difundir y potenciar tu marca, <a href=\"https:\/\/twitter.com\/?lang=es\" target=\"_blank\">Twitter<\/a> es el camino m\u00e1s eficaz. Si lo que quieres es obtener colaboraciones corporativas o promocionar puestos de trabajo, <a href=\"https:\/\/es.linkedin.com\/\" target=\"_blank\">LinkedIn<\/a> es la mejor opci\u00f3n, pero si tu objetivo es educar e informar a profesionales del sector o relacionados, recomendamos optar por un blog.<\/p>\n<p>Todo objetivo ha de cumplir con los <strong>criterios SMART<\/strong>:<br \/>\n<em>Specific<\/em> \u2013 <strong>Espec\u00edficos<\/strong>, claros y precisos en cuanto al c\u00f3mo, d\u00f3nde y cu\u00e1ndo se conseguir\u00e1n los objetivos.<br \/>\n<em>Measurable<\/em> \u2013 <strong>Medibles<\/strong>, a trav\u00e9s de estad\u00edsticas, herramientas u otros instrumentos de control de resultados.<br \/>\n<em>Attainable<\/em> \u2013 <strong>Alcanzables<\/strong> para la empresa. Es decir, que esta est\u00e9 dotada de cualidades y habilidades para realizarlos.<br \/>\n<em>Relevant and realistic<\/em> \u2013 <strong>Relevantes y realistas<\/strong> en cuanto a los recursos de los que se dispone y factores que puedan afectar el proceso.<br \/>\n<em>Time-bound<\/em> \u2013 Que exista un plazo de <strong>tiempo determinado<\/strong> para cumplirlos. Establecer una fecha de comienzo y fin para evaluar si estos se han cumplido.<\/p>\n<h2><em>Brainstorming<\/em> de ideas<\/h2>\n<p>Sin duda, uno de los procesos m\u00e1s importantes de cualquier proyecto.<\/p>\n<p>Dedicarle tiempo a la <strong>creaci\u00f3n y agrupaci\u00f3n de ideas<\/strong>, preferiblemente <strong>en grupo<\/strong> para poder comparar y fusionar diferentes perspectivas, es clave para dar con buenos resultados.<\/p>\n<p><a href=\"https:\/\/internetrepublica.com\/wp-content\/uploads\/2015\/08\/brainstorming.jpg\"><img loading=\"lazy\" decoding=\"async\" class=\"alignnone size-full wp-image-5931\" src=\"https:\/\/internetrepublica.com\/wp-content\/uploads\/2015\/08\/brainstorming.jpg\" alt=\"brainstorming\" width=\"825\" height=\"550\" \/><\/a><\/p>\n<p>No solo ha de ser contenido interesante y original, sino que ha de responder a las necesidades y deseos de tus clientes. Por ello, <strong>un factor vital a tener en cuenta es el p\u00fablico objetivo<\/strong>. Identifica qui\u00e9n es y qu\u00e9 quiere de ti, p\u00eddele su opini\u00f3n. Averigua cu\u00e1les son sus preferencias, de qu\u00e9 le gustar\u00eda que hablases&#8230; Al fin y al cabo, tu p\u00fablico es quien seguir\u00e1 tu trabajo, as\u00ed que dales voz y voto.<\/p>\n<p>Una de las ventajas del <em>brainstorming<\/em> es poder <strong>agrupar ideas por tem\u00e1ticas<\/strong>. De este modo, podr\u00e1s organizar los temas que se te vayan ocurriendo en funci\u00f3n de la categor\u00eda a la que corresponden. Por ejemplo, en nuestro blog cubrimos diferentes categor\u00edas: <em>social media<\/em>, SEO, cosas nuestras\u2026<\/p>\n<p>Es importante considerar tambi\u00e9n a la competencia: evaluar qu\u00e9 hacen y qu\u00e9 no hacen para definir c\u00f3mo diferenciarte y posicionarte por encima de ellos.<\/p>\n<h2>Elecci\u00f3n de\u00a0contenido<\/h2>\n<p>Una vez tengas una primera idea de las tem\u00e1ticas y categor\u00edas a incluir, es hora de seleccionar las que den el pego final.<\/p>\n<p><strong>Ten en cuenta el enfoque, estilo y tono<\/strong> que vayas a emplear en cada post, para decidir cu\u00e1les funcionar\u00e1n mejor, y en qu\u00e9 redes y plataformas.<\/p>\n<p>Revisa que los temas que sean relevantes e interesantes, ord\u00e9nalos por prioridad y <strong>no te olvides de las ocasiones especiales<\/strong>. No solo nos referimos a navidad, semana santa, verano o aniversarios, sino tambi\u00e9n a fechas curiosas (\u201cd\u00eda de\u201d), santos, lanzamientos de productos o estrenos de cine, entre otros. Estos contenidos <strong>son muy<\/strong> <strong>eficaces para llegar a una mayor audiencia y establecer conexiones personales y humanas<\/strong>. Inf\u00f3rmate, selecciona los que sean relevantes para tu marca y util\u00edzalos para publicar de forma inteligente.<\/p>\n<h2>Planificaci\u00f3n de contenido<\/h2>\n<p>Planificar se refiere a la <strong>frecuencia, hora y orden de publicaci\u00f3n<\/strong>. Puede ser igual para todos los d\u00edas, o ir variando seg\u00fan el d\u00eda de la semana, a causa de factores que hayas estudiado previamente. Eso s\u00ed, es muy recomendable que se mantenga<strong> igual de semana en semana<\/strong>, ya que de este modo prometemos una constancia semanal que posiblemente ayude a fidelizar lectores.<\/p>\n<p>Lo m\u00e1s eficaz para llevar el <em>planning<\/em> al d\u00eda es <strong>crear un calendario &#8220;f\u00edsico&#8221;<\/strong>, por ejemplo en una hoja de Excel. <strong>Cada red social o plataforma se ha de tratar en una pesta\u00f1a distinta<\/strong> (Twitter, blog, etc). Dentro de cada una, separa cada <em>post<\/em> por categor\u00edas, como la hora de publicaci\u00f3n, el texto del contenido, la imagen y la URL, entre otros.<\/p>\n<p><a href=\"https:\/\/internetrepublica.com\/wp-content\/uploads\/2015\/08\/calendario-e1438757534674.jpeg\"><img loading=\"lazy\" decoding=\"async\" class=\"alignnone size-full wp-image-5933\" src=\"https:\/\/internetrepublica.com\/wp-content\/uploads\/2015\/08\/calendario-e1438757534674.jpeg\" alt=\"calendario\" width=\"817\" height=\"455\" \/><\/a><\/p>\n<p>Esto te dar\u00e1 una perspectiva global y te ayudar\u00e1 a organizarte. Adem\u00e1s, una vez est\u00e9 hecho, podr\u00e1s utilizarlo para programar contenidos, por ejemplo desde <a href=\"https:\/\/hootsuite.com\/es\/\" target=\"_blank\">Hootsuite<\/a>, ya que solo tendr\u00e1s que copiar y pegar los elementos del <em>post<\/em> y programar la hora.<\/p>\n<p>Si el calendario no es para ti, sino para tus clientes, recomendamos que crees <strong>uno diferente para cada cliente<\/strong> y lo compartas con ellos. Haci\u00e9ndoles part\u00edcipes estimular\u00e1s su inter\u00e9s y har\u00e1s la cooperaci\u00f3n m\u00e1s f\u00e1cil.<\/p>\n<p>Ahora te toca a ti. Elabora tu propio calendario de <em>social media<\/em> y cu\u00e9ntanos tu experiencia. \u00a1Queremos <em>leerla<\/em>!<\/p>\n","protected":false},"excerpt":{"rendered":"<p>&nbsp; \u00bfCu\u00e1ntas veces has escuchado aquello de \u201cel contenido es el rey\u201d? Seguro que muchas, much\u00edsimas de hecho. Pero no podr\u00eda ser m\u00e1s cierto. En&#8230;<\/p>\n","protected":false},"author":19,"featured_media":5938,"comment_status":"open","ping_status":"open","sticky":false,"template":"","format":"standard","meta":{"content-type":"","inline_featured_image":false,"footnotes":""},"categories":[120],"tags":[679,680,681,513],"class_list":["post-5928","post","type-post","status-publish","format-standard","has-post-thumbnail","hentry","category-social-media","tag-blog-mx","tag-calendario-editorial-mx","tag-plan-de-contenidos-mx","tag-redes-sociales"],"yoast_head":"<!-- This site is optimized with the Yoast SEO plugin v27.2 - https:\/\/yoast.com\/product\/yoast-seo-wordpress\/ -->\n<title>C\u00f3mo elaborar un calendario editorial de Social Media<\/title>\n<meta name=\"description\" content=\"\u00bfTienes que elaborar un calendario editorial y no sabes c\u00f3mo? Toma nota de esta sencilla gu\u00eda; ahorrar\u00e1s en tiempo y ganar\u00e1s en organizaci\u00f3n.\" \/>\n<meta name=\"robots\" content=\"index, follow, max-snippet:-1, max-image-preview:large, max-video-preview:-1\" \/>\n<link rel=\"canonical\" href=\"https:\/\/internetrepublica.com\/blog\/como-elaborar-un-calendario-editorial-de-social-media\/\" \/>\n<meta property=\"og:locale\" content=\"es_ES\" \/>\n<meta property=\"og:type\" content=\"article\" \/>\n<meta property=\"og:title\" content=\"C\u00f3mo elaborar un calendario editorial de Social Media\" \/>\n<meta property=\"og:description\" content=\"\u00bfTienes que elaborar un calendario editorial y no sabes c\u00f3mo? Toma nota de esta sencilla gu\u00eda; ahorrar\u00e1s en tiempo y ganar\u00e1s en organizaci\u00f3n.\" \/>\n<meta property=\"og:url\" content=\"https:\/\/internetrepublica.com\/blog\/como-elaborar-un-calendario-editorial-de-social-media\/\" \/>\n<meta property=\"og:site_name\" content=\"Internet Rep\u00fablica\" \/>\n<meta property=\"article:published_time\" content=\"2015-08-05T07:02:52+00:00\" \/>\n<meta property=\"article:modified_time\" content=\"2016-08-16T12:01:34+00:00\" \/>\n<meta property=\"og:image\" content=\"https:\/\/internetrepublica.com\/blog\/wp-content\/uploads\/2022\/05\/destacado.jpg\" \/>\n\t<meta property=\"og:image:width\" content=\"489\" \/>\n\t<meta property=\"og:image:height\" content=\"299\" \/>\n\t<meta property=\"og:image:type\" content=\"image\/jpeg\" \/>\n<meta name=\"author\" content=\"Laura Blanco Toro\" \/>\n<meta name=\"twitter:card\" content=\"summary_large_image\" \/>\n<meta name=\"twitter:label1\" content=\"Escrito por\" \/>\n\t<meta name=\"twitter:data1\" content=\"Laura Blanco Toro\" \/>\n\t<meta name=\"twitter:label2\" content=\"Tiempo de lectura\" \/>\n\t<meta name=\"twitter:data2\" content=\"5 minutos\" \/>\n<script type=\"application\/ld+json\" class=\"yoast-schema-graph\">{\"@context\":\"https:\/\/schema.org\",\"@graph\":[{\"@type\":\"Article\",\"@id\":\"https:\/\/internetrepublica.com\/blog\/como-elaborar-un-calendario-editorial-de-social-media\/#article\",\"isPartOf\":{\"@id\":\"https:\/\/internetrepublica.com\/blog\/como-elaborar-un-calendario-editorial-de-social-media\/\"},\"author\":{\"name\":\"Laura Blanco Toro\",\"@id\":\"https:\/\/internetrepublica.com\/blog\/#\/schema\/person\/c268a6958efcf1f08c1b4cc0d263ec26\"},\"headline\":\"C\u00f3mo elaborar un calendario editorial de Social Media\",\"datePublished\":\"2015-08-05T07:02:52+00:00\",\"dateModified\":\"2016-08-16T12:01:34+00:00\",\"mainEntityOfPage\":{\"@id\":\"https:\/\/internetrepublica.com\/blog\/como-elaborar-un-calendario-editorial-de-social-media\/\"},\"wordCount\":1038,\"commentCount\":4,\"image\":{\"@id\":\"https:\/\/internetrepublica.com\/blog\/como-elaborar-un-calendario-editorial-de-social-media\/#primaryimage\"},\"thumbnailUrl\":\"\",\"keywords\":[\"blog\",\"calendario editorial\",\"plan de contenidos\",\"Redes sociales\"],\"articleSection\":[\"Social Media\"],\"inLanguage\":\"es\",\"potentialAction\":[{\"@type\":\"CommentAction\",\"name\":\"Comment\",\"target\":[\"https:\/\/internetrepublica.com\/blog\/como-elaborar-un-calendario-editorial-de-social-media\/#respond\"]}]},{\"@type\":\"WebPage\",\"@id\":\"https:\/\/internetrepublica.com\/blog\/como-elaborar-un-calendario-editorial-de-social-media\/\",\"url\":\"https:\/\/internetrepublica.com\/blog\/como-elaborar-un-calendario-editorial-de-social-media\/\",\"name\":\"C\u00f3mo elaborar un calendario editorial de Social Media\",\"isPartOf\":{\"@id\":\"https:\/\/internetrepublica.com\/blog\/#website\"},\"primaryImageOfPage\":{\"@id\":\"https:\/\/internetrepublica.com\/blog\/como-elaborar-un-calendario-editorial-de-social-media\/#primaryimage\"},\"image\":{\"@id\":\"https:\/\/internetrepublica.com\/blog\/como-elaborar-un-calendario-editorial-de-social-media\/#primaryimage\"},\"thumbnailUrl\":\"\",\"datePublished\":\"2015-08-05T07:02:52+00:00\",\"dateModified\":\"2016-08-16T12:01:34+00:00\",\"author\":{\"@id\":\"https:\/\/internetrepublica.com\/blog\/#\/schema\/person\/c268a6958efcf1f08c1b4cc0d263ec26\"},\"description\":\"\u00bfTienes que elaborar un calendario editorial y no sabes c\u00f3mo? Toma nota de esta sencilla gu\u00eda; ahorrar\u00e1s en tiempo y ganar\u00e1s en organizaci\u00f3n.\",\"breadcrumb\":{\"@id\":\"https:\/\/internetrepublica.com\/blog\/como-elaborar-un-calendario-editorial-de-social-media\/#breadcrumb\"},\"inLanguage\":\"es\",\"potentialAction\":[{\"@type\":\"ReadAction\",\"target\":[\"https:\/\/internetrepublica.com\/blog\/como-elaborar-un-calendario-editorial-de-social-media\/\"]}]},{\"@type\":\"ImageObject\",\"inLanguage\":\"es\",\"@id\":\"https:\/\/internetrepublica.com\/blog\/como-elaborar-un-calendario-editorial-de-social-media\/#primaryimage\",\"url\":\"\",\"contentUrl\":\"\"},{\"@type\":\"BreadcrumbList\",\"@id\":\"https:\/\/internetrepublica.com\/blog\/como-elaborar-un-calendario-editorial-de-social-media\/#breadcrumb\",\"itemListElement\":[{\"@type\":\"ListItem\",\"position\":1,\"name\":\"Agencia Marketing Digital\",\"item\":\"https:\/\/internetrepublica.com\/blog\/\"},{\"@type\":\"ListItem\",\"position\":2,\"name\":\"Social Media\",\"item\":\"https:\/\/internetrepublica.com\/blog\/social-media\/\"},{\"@type\":\"ListItem\",\"position\":3,\"name\":\"C\u00f3mo elaborar un calendario editorial de Social Media\",\"item\":\"https:\/\/internetrepublica.com\/blog\/como-elaborar-un-calendario-editorial-de-social-media\/\"}]},{\"@type\":\"WebSite\",\"@id\":\"https:\/\/internetrepublica.com\/blog\/#website\",\"url\":\"https:\/\/internetrepublica.com\/blog\/\",\"name\":\"Internet Rep\u00fablica\",\"description\":\"Agencia SEO y Marketing Digital\",\"potentialAction\":[{\"@type\":\"SearchAction\",\"target\":{\"@type\":\"EntryPoint\",\"urlTemplate\":\"https:\/\/internetrepublica.com\/blog\/?s={search_term_string}\"},\"query-input\":{\"@type\":\"PropertyValueSpecification\",\"valueRequired\":true,\"valueName\":\"search_term_string\"}}],\"inLanguage\":\"es\"},{\"@type\":\"Person\",\"@id\":\"https:\/\/internetrepublica.com\/blog\/#\/schema\/person\/c268a6958efcf1f08c1b4cc0d263ec26\",\"name\":\"Laura Blanco Toro\",\"image\":{\"@type\":\"ImageObject\",\"inLanguage\":\"es\",\"@id\":\"https:\/\/secure.gravatar.com\/avatar\/41e8c77f4a343252112e5a991e85061a0f84146d8e2faf54ed04add58569dd41?s=96&d=mm&r=g\",\"url\":\"https:\/\/secure.gravatar.com\/avatar\/41e8c77f4a343252112e5a991e85061a0f84146d8e2faf54ed04add58569dd41?s=96&d=mm&r=g\",\"contentUrl\":\"https:\/\/secure.gravatar.com\/avatar\/41e8c77f4a343252112e5a991e85061a0f84146d8e2faf54ed04add58569dd41?s=96&d=mm&r=g\",\"caption\":\"Laura Blanco Toro\"},\"url\":\"https:\/\/internetrepublica.com\/blog\/author\/laura-blanco\/\"}]}<\/script>\n<!-- \/ Yoast SEO plugin. -->","yoast_head_json":{"title":"C\u00f3mo elaborar un calendario editorial de Social Media","description":"\u00bfTienes que elaborar un calendario editorial y no sabes c\u00f3mo? Toma nota de esta sencilla gu\u00eda; ahorrar\u00e1s en tiempo y ganar\u00e1s en organizaci\u00f3n.","robots":{"index":"index","follow":"follow","max-snippet":"max-snippet:-1","max-image-preview":"max-image-preview:large","max-video-preview":"max-video-preview:-1"},"canonical":"https:\/\/internetrepublica.com\/blog\/como-elaborar-un-calendario-editorial-de-social-media\/","og_locale":"es_ES","og_type":"article","og_title":"C\u00f3mo elaborar un calendario editorial de Social Media","og_description":"\u00bfTienes que elaborar un calendario editorial y no sabes c\u00f3mo? Toma nota de esta sencilla gu\u00eda; ahorrar\u00e1s en tiempo y ganar\u00e1s en organizaci\u00f3n.","og_url":"https:\/\/internetrepublica.com\/blog\/como-elaborar-un-calendario-editorial-de-social-media\/","og_site_name":"Internet Rep\u00fablica","article_published_time":"2015-08-05T07:02:52+00:00","article_modified_time":"2016-08-16T12:01:34+00:00","og_image":[{"width":489,"height":299,"url":"https:\/\/internetrepublica.com\/blog\/wp-content\/uploads\/2022\/05\/destacado.jpg","type":"image\/jpeg"}],"author":"Laura Blanco Toro","twitter_card":"summary_large_image","twitter_misc":{"Escrito por":"Laura Blanco Toro","Tiempo de lectura":"5 minutos"},"schema":{"@context":"https:\/\/schema.org","@graph":[{"@type":"Article","@id":"https:\/\/internetrepublica.com\/blog\/como-elaborar-un-calendario-editorial-de-social-media\/#article","isPartOf":{"@id":"https:\/\/internetrepublica.com\/blog\/como-elaborar-un-calendario-editorial-de-social-media\/"},"author":{"name":"Laura Blanco Toro","@id":"https:\/\/internetrepublica.com\/blog\/#\/schema\/person\/c268a6958efcf1f08c1b4cc0d263ec26"},"headline":"C\u00f3mo elaborar un calendario editorial de Social Media","datePublished":"2015-08-05T07:02:52+00:00","dateModified":"2016-08-16T12:01:34+00:00","mainEntityOfPage":{"@id":"https:\/\/internetrepublica.com\/blog\/como-elaborar-un-calendario-editorial-de-social-media\/"},"wordCount":1038,"commentCount":4,"image":{"@id":"https:\/\/internetrepublica.com\/blog\/como-elaborar-un-calendario-editorial-de-social-media\/#primaryimage"},"thumbnailUrl":"","keywords":["blog","calendario editorial","plan de contenidos","Redes sociales"],"articleSection":["Social Media"],"inLanguage":"es","potentialAction":[{"@type":"CommentAction","name":"Comment","target":["https:\/\/internetrepublica.com\/blog\/como-elaborar-un-calendario-editorial-de-social-media\/#respond"]}]},{"@type":"WebPage","@id":"https:\/\/internetrepublica.com\/blog\/como-elaborar-un-calendario-editorial-de-social-media\/","url":"https:\/\/internetrepublica.com\/blog\/como-elaborar-un-calendario-editorial-de-social-media\/","name":"C\u00f3mo elaborar un calendario editorial de Social Media","isPartOf":{"@id":"https:\/\/internetrepublica.com\/blog\/#website"},"primaryImageOfPage":{"@id":"https:\/\/internetrepublica.com\/blog\/como-elaborar-un-calendario-editorial-de-social-media\/#primaryimage"},"image":{"@id":"https:\/\/internetrepublica.com\/blog\/como-elaborar-un-calendario-editorial-de-social-media\/#primaryimage"},"thumbnailUrl":"","datePublished":"2015-08-05T07:02:52+00:00","dateModified":"2016-08-16T12:01:34+00:00","author":{"@id":"https:\/\/internetrepublica.com\/blog\/#\/schema\/person\/c268a6958efcf1f08c1b4cc0d263ec26"},"description":"\u00bfTienes que elaborar un calendario editorial y no sabes c\u00f3mo? Toma nota de esta sencilla gu\u00eda; ahorrar\u00e1s en tiempo y ganar\u00e1s en organizaci\u00f3n.","breadcrumb":{"@id":"https:\/\/internetrepublica.com\/blog\/como-elaborar-un-calendario-editorial-de-social-media\/#breadcrumb"},"inLanguage":"es","potentialAction":[{"@type":"ReadAction","target":["https:\/\/internetrepublica.com\/blog\/como-elaborar-un-calendario-editorial-de-social-media\/"]}]},{"@type":"ImageObject","inLanguage":"es","@id":"https:\/\/internetrepublica.com\/blog\/como-elaborar-un-calendario-editorial-de-social-media\/#primaryimage","url":"","contentUrl":""},{"@type":"BreadcrumbList","@id":"https:\/\/internetrepublica.com\/blog\/como-elaborar-un-calendario-editorial-de-social-media\/#breadcrumb","itemListElement":[{"@type":"ListItem","position":1,"name":"Agencia Marketing Digital","item":"https:\/\/internetrepublica.com\/blog\/"},{"@type":"ListItem","position":2,"name":"Social Media","item":"https:\/\/internetrepublica.com\/blog\/social-media\/"},{"@type":"ListItem","position":3,"name":"C\u00f3mo elaborar un calendario editorial de Social Media","item":"https:\/\/internetrepublica.com\/blog\/como-elaborar-un-calendario-editorial-de-social-media\/"}]},{"@type":"WebSite","@id":"https:\/\/internetrepublica.com\/blog\/#website","url":"https:\/\/internetrepublica.com\/blog\/","name":"Internet Rep\u00fablica","description":"Agencia SEO y Marketing Digital","potentialAction":[{"@type":"SearchAction","target":{"@type":"EntryPoint","urlTemplate":"https:\/\/internetrepublica.com\/blog\/?s={search_term_string}"},"query-input":{"@type":"PropertyValueSpecification","valueRequired":true,"valueName":"search_term_string"}}],"inLanguage":"es"},{"@type":"Person","@id":"https:\/\/internetrepublica.com\/blog\/#\/schema\/person\/c268a6958efcf1f08c1b4cc0d263ec26","name":"Laura Blanco Toro","image":{"@type":"ImageObject","inLanguage":"es","@id":"https:\/\/secure.gravatar.com\/avatar\/41e8c77f4a343252112e5a991e85061a0f84146d8e2faf54ed04add58569dd41?s=96&d=mm&r=g","url":"https:\/\/secure.gravatar.com\/avatar\/41e8c77f4a343252112e5a991e85061a0f84146d8e2faf54ed04add58569dd41?s=96&d=mm&r=g","contentUrl":"https:\/\/secure.gravatar.com\/avatar\/41e8c77f4a343252112e5a991e85061a0f84146d8e2faf54ed04add58569dd41?s=96&d=mm&r=g","caption":"Laura Blanco Toro"},"url":"https:\/\/internetrepublica.com\/blog\/author\/laura-blanco\/"}]}},"_links":{"self":[{"href":"https:\/\/internetrepublica.com\/blog\/wp-json\/wp\/v2\/posts\/5928","targetHints":{"allow":["GET"]}}],"collection":[{"href":"https:\/\/internetrepublica.com\/blog\/wp-json\/wp\/v2\/posts"}],"about":[{"href":"https:\/\/internetrepublica.com\/blog\/wp-json\/wp\/v2\/types\/post"}],"author":[{"embeddable":true,"href":"https:\/\/internetrepublica.com\/blog\/wp-json\/wp\/v2\/users\/19"}],"replies":[{"embeddable":true,"href":"https:\/\/internetrepublica.com\/blog\/wp-json\/wp\/v2\/comments?post=5928"}],"version-history":[{"count":1,"href":"https:\/\/internetrepublica.com\/blog\/wp-json\/wp\/v2\/posts\/5928\/revisions"}],"predecessor-version":[{"id":60586,"href":"https:\/\/internetrepublica.com\/blog\/wp-json\/wp\/v2\/posts\/5928\/revisions\/60586"}],"wp:featuredmedia":[{"embeddable":true,"href":"https:\/\/internetrepublica.com\/blog\/wp-json\/"}],"wp:attachment":[{"href":"https:\/\/internetrepublica.com\/blog\/wp-json\/wp\/v2\/media?parent=5928"}],"wp:term":[{"taxonomy":"category","embeddable":true,"href":"https:\/\/internetrepublica.com\/blog\/wp-json\/wp\/v2\/categories?post=5928"},{"taxonomy":"post_tag","embeddable":true,"href":"https:\/\/internetrepublica.com\/blog\/wp-json\/wp\/v2\/tags?post=5928"}],"curies":[{"name":"wp","href":"https:\/\/api.w.org\/{rel}","templated":true}]}}