{"id":3963,"date":"2014-10-16T13:28:11","date_gmt":"2014-10-16T11:28:11","guid":{"rendered":"https:\/\/internetrepublica.com\/?p=3963"},"modified":"2014-10-16T13:28:11","modified_gmt":"2014-10-16T11:28:11","slug":"juan-antonio-vicente-se-incorpora-internet-republica-como-director-de-social-media-y-dircom","status":"publish","type":"post","link":"https:\/\/internetrepublica.com\/blog\/juan-antonio-vicente-se-incorpora-internet-republica-como-director-de-social-media-y-dircom\/","title":{"rendered":"Juan Antonio Vicente se incorpora a Internet Rep\u00fablica como Director de Social Media y Dircom"},"content":{"rendered":"<p><a href=\"https:\/\/internetrepublica.com\/wp-content\/uploads\/2014\/10\/Internet-republica-juanan-vicente.jpg\"><img loading=\"lazy\" decoding=\"async\" class=\"alignnone size-full wp-image-3966\" src=\"https:\/\/internetrepublica.com\/wp-content\/uploads\/2014\/10\/Internet-republica-juanan-vicente.jpg\" alt=\"Internet-republica-juanan-vicente\" width=\"600\" height=\"396\" \/><\/a><\/p>\n<p><strong><a href=\"https:\/\/internetrepublica.com\/\">Internet Rep\u00fablica<\/a><\/strong>, agencia especializada en <em>inbound marketing<\/em> dirigida por Ismael El-Qudsi, acaba de fichar a <strong>Juan Antonio Vicente como Director de SocialMedia<\/strong>. Adem\u00e1s, desempe\u00f1ar\u00e1 el puesto de Director de Comunicaci\u00f3n.<\/p>\n<p>Con esta incorporaci\u00f3n, Internet Rep\u00fablica potencia una de sus \u00e1reas de negocio con m\u00e1s crecimiento en los \u00faltimos a\u00f1os, y a trav\u00e9s de la cual dise\u00f1a estrategias de marketing digital en redes sociales para marcas de gran consumo de sectores como telecomunicaciones, bebidas, deporte, belleza, etc.<\/p>\n<p>Adem\u00e1s, desde su puesto como Director de Comunicaci\u00f3n de la agencia se encargar\u00e1 tambi\u00e9n de la expansi\u00f3n de Internet Rep\u00fablica fuera de Espa\u00f1a. En este sentido, <strong>la agencia acaba de abrir su primera oficina fuera de nuestro pa\u00eds<\/strong>. La ciudad elegida ha sido <strong>Miami<\/strong>, desde la que pilotar\u00e1 el crecimiento de su negocio hacia los mercados de Estados Unidos y Latinoam\u00e9rica.<\/p>\n<p>Juan Antonio Vicente es licenciado en CC Econ\u00f3micas y Empresariales por la Universidad Aut\u00f3noma de Madrid, y proviene de NetMediaEurope, donde era Marketing Manager de este grupo de medios para Espa\u00f1a. Durante los \u00faltimos 14 a\u00f1os tambi\u00e9n ha contribuido como especialista en tecnolog\u00eda en numerosas publicaciones <em>online<\/em> y escritas.<\/p>\n<p>Bloguero activo a trav\u00e9s de su bit\u00e1cora <a href=\"http:\/\/www.netambulo.com\/\">www.netambulo.com<\/a>, es considerado como uno de los principales influyentes en el panorama de la tecnolog\u00eda y del Social Media en nuestro pa\u00eds, y su perfil en Twitter (@netambulo) suele formar parte del top 10 de cuentas a seguir por los profesionales del sector del marketing digital.<\/p>\n<p><b>Sobre Internet Rep\u00fablica<\/b><\/p>\n<p><a href=\"https:\/\/internetrepublica.com\">Internet Rep\u00fablica<\/a> es una agencia <em>online<\/em> especializada en inbound marketing (Social Media, SEO y creatividad). Naci\u00f3 el 11 de noviembre de 2011 con el objetivo de dar visibilidad <em>online<\/em> a sus <a href=\"https:\/\/internetrepublica.com\/clientes\">clientes<\/a> a trav\u00e9s de redes sociales, buscadores, blogs o <em>street marketing<\/em>, entre los que se encuentran El Corte Ingl\u00e9s, Vodafone, Verti, Carrefour, Toys \u201cR\u201d Us, HalconViajes.com o Air Europa.<\/p>\n","protected":false},"excerpt":{"rendered":"<p>Internet Rep\u00fablica, agencia especializada en inbound marketing dirigida por Ismael El-Qudsi, acaba de fichar a Juan Antonio Vicente como Director de SocialMedia. Adem\u00e1s, desempe\u00f1ar\u00e1 el&#8230;<\/p>\n","protected":false},"author":2,"featured_media":3966,"comment_status":"open","ping_status":"open","sticky":false,"template":"","format":"standard","meta":{"content-type":"","inline_featured_image":false,"footnotes":""},"categories":[96,110,120],"tags":[433,513,41],"class_list":["post-3963","post","type-post","status-publish","format-standard","has-post-thumbnail","hentry","category-cosas-nuestras","category-marketing","category-social-media","tag-medios-sociales","tag-redes-sociales","tag-social-media"],"yoast_head":"<!-- This site is optimized with the Yoast SEO plugin v27.2 - https:\/\/yoast.com\/product\/yoast-seo-wordpress\/ -->\n<title>Juan Antonio Vicente se incorpora a Internet Rep\u00fablica como Director de Social Media y Dircom<\/title>\n<meta name=\"description\" content=\"Internet Rep\u00fablica, agencia especializada en inbound marketing dirigida por Ismael El-Qudsi, acaba de fichar a Juan Antonio Vicente como Director de\" \/>\n<meta name=\"robots\" content=\"index, follow, max-snippet:-1, max-image-preview:large, max-video-preview:-1\" \/>\n<link rel=\"canonical\" href=\"https:\/\/internetrepublica.com\/blog\/juan-antonio-vicente-se-incorpora-internet-republica-como-director-de-social-media-y-dircom\/\" \/>\n<meta property=\"og:locale\" content=\"es_ES\" \/>\n<meta property=\"og:type\" content=\"article\" \/>\n<meta property=\"og:title\" content=\"Juan Antonio Vicente se incorpora a Internet Rep\u00fablica como Director de Social Media y Dircom\" \/>\n<meta property=\"og:description\" content=\"Internet Rep\u00fablica, agencia especializada en inbound marketing dirigida por Ismael El-Qudsi, acaba de fichar a Juan Antonio Vicente como Director de\" \/>\n<meta property=\"og:url\" content=\"https:\/\/internetrepublica.com\/blog\/juan-antonio-vicente-se-incorpora-internet-republica-como-director-de-social-media-y-dircom\/\" \/>\n<meta property=\"og:site_name\" content=\"Internet Rep\u00fablica\" \/>\n<meta property=\"article:published_time\" content=\"2014-10-16T11:28:11+00:00\" \/>\n<meta property=\"og:image\" content=\"https:\/\/internetrepublica.com\/blog\/wp-content\/uploads\/2022\/05\/destacado.jpg\" \/>\n\t<meta property=\"og:image:width\" content=\"489\" \/>\n\t<meta property=\"og:image:height\" content=\"299\" \/>\n\t<meta property=\"og:image:type\" content=\"image\/jpeg\" \/>\n<meta name=\"author\" content=\"Internet Rep\u00fablica\" \/>\n<meta name=\"twitter:card\" content=\"summary_large_image\" \/>\n<meta name=\"twitter:label1\" content=\"Escrito por\" \/>\n\t<meta name=\"twitter:data1\" content=\"Internet Rep\u00fablica\" \/>\n\t<meta name=\"twitter:label2\" content=\"Tiempo de lectura\" \/>\n\t<meta name=\"twitter:data2\" content=\"2 minutos\" \/>\n<script type=\"application\/ld+json\" class=\"yoast-schema-graph\">{\"@context\":\"https:\/\/schema.org\",\"@graph\":[{\"@type\":\"Article\",\"@id\":\"https:\/\/internetrepublica.com\/blog\/juan-antonio-vicente-se-incorpora-internet-republica-como-director-de-social-media-y-dircom\/#article\",\"isPartOf\":{\"@id\":\"https:\/\/internetrepublica.com\/blog\/juan-antonio-vicente-se-incorpora-internet-republica-como-director-de-social-media-y-dircom\/\"},\"author\":{\"name\":\"Internet Rep\u00fablica\",\"@id\":\"https:\/\/internetrepublica.com\/blog\/#\/schema\/person\/03145ab512e71e1483115e959141819e\"},\"headline\":\"Juan Antonio Vicente se incorpora a Internet Rep\u00fablica como Director de Social Media y Dircom\",\"datePublished\":\"2014-10-16T11:28:11+00:00\",\"mainEntityOfPage\":{\"@id\":\"https:\/\/internetrepublica.com\/blog\/juan-antonio-vicente-se-incorpora-internet-republica-como-director-de-social-media-y-dircom\/\"},\"wordCount\":349,\"commentCount\":0,\"image\":{\"@id\":\"https:\/\/internetrepublica.com\/blog\/juan-antonio-vicente-se-incorpora-internet-republica-como-director-de-social-media-y-dircom\/#primaryimage\"},\"thumbnailUrl\":\"\",\"keywords\":[\"medios sociales\",\"Redes sociales\",\"Social Media\"],\"articleSection\":[\"Cosas nuestras\",\"Marketing\",\"Social Media\"],\"inLanguage\":\"es\",\"potentialAction\":[{\"@type\":\"CommentAction\",\"name\":\"Comment\",\"target\":[\"https:\/\/internetrepublica.com\/blog\/juan-antonio-vicente-se-incorpora-internet-republica-como-director-de-social-media-y-dircom\/#respond\"]}]},{\"@type\":\"WebPage\",\"@id\":\"https:\/\/internetrepublica.com\/blog\/juan-antonio-vicente-se-incorpora-internet-republica-como-director-de-social-media-y-dircom\/\",\"url\":\"https:\/\/internetrepublica.com\/blog\/juan-antonio-vicente-se-incorpora-internet-republica-como-director-de-social-media-y-dircom\/\",\"name\":\"Juan Antonio Vicente se incorpora a Internet Rep\u00fablica como Director de Social Media y Dircom\",\"isPartOf\":{\"@id\":\"https:\/\/internetrepublica.com\/blog\/#website\"},\"primaryImageOfPage\":{\"@id\":\"https:\/\/internetrepublica.com\/blog\/juan-antonio-vicente-se-incorpora-internet-republica-como-director-de-social-media-y-dircom\/#primaryimage\"},\"image\":{\"@id\":\"https:\/\/internetrepublica.com\/blog\/juan-antonio-vicente-se-incorpora-internet-republica-como-director-de-social-media-y-dircom\/#primaryimage\"},\"thumbnailUrl\":\"\",\"datePublished\":\"2014-10-16T11:28:11+00:00\",\"author\":{\"@id\":\"https:\/\/internetrepublica.com\/blog\/#\/schema\/person\/03145ab512e71e1483115e959141819e\"},\"description\":\"Internet Rep\u00fablica, agencia especializada en inbound marketing dirigida por Ismael El-Qudsi, acaba de fichar a Juan Antonio Vicente como Director de\",\"breadcrumb\":{\"@id\":\"https:\/\/internetrepublica.com\/blog\/juan-antonio-vicente-se-incorpora-internet-republica-como-director-de-social-media-y-dircom\/#breadcrumb\"},\"inLanguage\":\"es\",\"potentialAction\":[{\"@type\":\"ReadAction\",\"target\":[\"https:\/\/internetrepublica.com\/blog\/juan-antonio-vicente-se-incorpora-internet-republica-como-director-de-social-media-y-dircom\/\"]}]},{\"@type\":\"ImageObject\",\"inLanguage\":\"es\",\"@id\":\"https:\/\/internetrepublica.com\/blog\/juan-antonio-vicente-se-incorpora-internet-republica-como-director-de-social-media-y-dircom\/#primaryimage\",\"url\":\"\",\"contentUrl\":\"\"},{\"@type\":\"BreadcrumbList\",\"@id\":\"https:\/\/internetrepublica.com\/blog\/juan-antonio-vicente-se-incorpora-internet-republica-como-director-de-social-media-y-dircom\/#breadcrumb\",\"itemListElement\":[{\"@type\":\"ListItem\",\"position\":1,\"name\":\"Agencia Marketing Digital\",\"item\":\"https:\/\/internetrepublica.com\/blog\/\"},{\"@type\":\"ListItem\",\"position\":2,\"name\":\"Cosas nuestras\",\"item\":\"https:\/\/internetrepublica.com\/blog\/cosas-nuestras\/\"},{\"@type\":\"ListItem\",\"position\":3,\"name\":\"Juan Antonio Vicente se incorpora a Internet Rep\u00fablica como Director de Social Media y Dircom\",\"item\":\"https:\/\/internetrepublica.com\/blog\/juan-antonio-vicente-se-incorpora-internet-republica-como-director-de-social-media-y-dircom\/\"}]},{\"@type\":\"WebSite\",\"@id\":\"https:\/\/internetrepublica.com\/blog\/#website\",\"url\":\"https:\/\/internetrepublica.com\/blog\/\",\"name\":\"Internet Rep\u00fablica\",\"description\":\"Agencia SEO y Marketing Digital\",\"potentialAction\":[{\"@type\":\"SearchAction\",\"target\":{\"@type\":\"EntryPoint\",\"urlTemplate\":\"https:\/\/internetrepublica.com\/blog\/?s={search_term_string}\"},\"query-input\":{\"@type\":\"PropertyValueSpecification\",\"valueRequired\":true,\"valueName\":\"search_term_string\"}}],\"inLanguage\":\"es\"},{\"@type\":\"Person\",\"@id\":\"https:\/\/internetrepublica.com\/blog\/#\/schema\/person\/03145ab512e71e1483115e959141819e\",\"name\":\"Internet Rep\u00fablica\",\"image\":{\"@type\":\"ImageObject\",\"inLanguage\":\"es\",\"@id\":\"https:\/\/secure.gravatar.com\/avatar\/39358758c04fb123cc0000c0f3891ce935a0a493849e86b7d2458324721ad5f3?s=96&d=mm&r=g\",\"url\":\"https:\/\/secure.gravatar.com\/avatar\/39358758c04fb123cc0000c0f3891ce935a0a493849e86b7d2458324721ad5f3?s=96&d=mm&r=g\",\"contentUrl\":\"https:\/\/secure.gravatar.com\/avatar\/39358758c04fb123cc0000c0f3891ce935a0a493849e86b7d2458324721ad5f3?s=96&d=mm&r=g\",\"caption\":\"Internet Rep\u00fablica\"},\"description\":\"Agencia online especializada en Inbound Marketing (Social Media, SEO y creatividad).\",\"url\":\"https:\/\/internetrepublica.com\/blog\/author\/internetrepublica\/\"}]}<\/script>\n<!-- \/ Yoast SEO plugin. -->","yoast_head_json":{"title":"Juan Antonio Vicente se incorpora a Internet Rep\u00fablica como Director de Social Media y Dircom","description":"Internet Rep\u00fablica, agencia especializada en inbound marketing dirigida por Ismael El-Qudsi, acaba de fichar a Juan Antonio Vicente como Director de","robots":{"index":"index","follow":"follow","max-snippet":"max-snippet:-1","max-image-preview":"max-image-preview:large","max-video-preview":"max-video-preview:-1"},"canonical":"https:\/\/internetrepublica.com\/blog\/juan-antonio-vicente-se-incorpora-internet-republica-como-director-de-social-media-y-dircom\/","og_locale":"es_ES","og_type":"article","og_title":"Juan Antonio Vicente se incorpora a Internet Rep\u00fablica como Director de Social Media y Dircom","og_description":"Internet Rep\u00fablica, agencia especializada en inbound marketing dirigida por Ismael El-Qudsi, acaba de fichar a Juan Antonio Vicente como Director de","og_url":"https:\/\/internetrepublica.com\/blog\/juan-antonio-vicente-se-incorpora-internet-republica-como-director-de-social-media-y-dircom\/","og_site_name":"Internet Rep\u00fablica","article_published_time":"2014-10-16T11:28:11+00:00","og_image":[{"width":489,"height":299,"url":"https:\/\/internetrepublica.com\/blog\/wp-content\/uploads\/2022\/05\/destacado.jpg","type":"image\/jpeg"}],"author":"Internet Rep\u00fablica","twitter_card":"summary_large_image","twitter_misc":{"Escrito por":"Internet Rep\u00fablica","Tiempo de lectura":"2 minutos"},"schema":{"@context":"https:\/\/schema.org","@graph":[{"@type":"Article","@id":"https:\/\/internetrepublica.com\/blog\/juan-antonio-vicente-se-incorpora-internet-republica-como-director-de-social-media-y-dircom\/#article","isPartOf":{"@id":"https:\/\/internetrepublica.com\/blog\/juan-antonio-vicente-se-incorpora-internet-republica-como-director-de-social-media-y-dircom\/"},"author":{"name":"Internet Rep\u00fablica","@id":"https:\/\/internetrepublica.com\/blog\/#\/schema\/person\/03145ab512e71e1483115e959141819e"},"headline":"Juan Antonio Vicente se incorpora a Internet Rep\u00fablica como Director de Social Media y Dircom","datePublished":"2014-10-16T11:28:11+00:00","mainEntityOfPage":{"@id":"https:\/\/internetrepublica.com\/blog\/juan-antonio-vicente-se-incorpora-internet-republica-como-director-de-social-media-y-dircom\/"},"wordCount":349,"commentCount":0,"image":{"@id":"https:\/\/internetrepublica.com\/blog\/juan-antonio-vicente-se-incorpora-internet-republica-como-director-de-social-media-y-dircom\/#primaryimage"},"thumbnailUrl":"","keywords":["medios sociales","Redes sociales","Social Media"],"articleSection":["Cosas nuestras","Marketing","Social Media"],"inLanguage":"es","potentialAction":[{"@type":"CommentAction","name":"Comment","target":["https:\/\/internetrepublica.com\/blog\/juan-antonio-vicente-se-incorpora-internet-republica-como-director-de-social-media-y-dircom\/#respond"]}]},{"@type":"WebPage","@id":"https:\/\/internetrepublica.com\/blog\/juan-antonio-vicente-se-incorpora-internet-republica-como-director-de-social-media-y-dircom\/","url":"https:\/\/internetrepublica.com\/blog\/juan-antonio-vicente-se-incorpora-internet-republica-como-director-de-social-media-y-dircom\/","name":"Juan Antonio Vicente se incorpora a Internet Rep\u00fablica como Director de Social Media y Dircom","isPartOf":{"@id":"https:\/\/internetrepublica.com\/blog\/#website"},"primaryImageOfPage":{"@id":"https:\/\/internetrepublica.com\/blog\/juan-antonio-vicente-se-incorpora-internet-republica-como-director-de-social-media-y-dircom\/#primaryimage"},"image":{"@id":"https:\/\/internetrepublica.com\/blog\/juan-antonio-vicente-se-incorpora-internet-republica-como-director-de-social-media-y-dircom\/#primaryimage"},"thumbnailUrl":"","datePublished":"2014-10-16T11:28:11+00:00","author":{"@id":"https:\/\/internetrepublica.com\/blog\/#\/schema\/person\/03145ab512e71e1483115e959141819e"},"description":"Internet Rep\u00fablica, agencia especializada en inbound marketing dirigida por Ismael El-Qudsi, acaba de fichar a Juan Antonio Vicente como Director de","breadcrumb":{"@id":"https:\/\/internetrepublica.com\/blog\/juan-antonio-vicente-se-incorpora-internet-republica-como-director-de-social-media-y-dircom\/#breadcrumb"},"inLanguage":"es","potentialAction":[{"@type":"ReadAction","target":["https:\/\/internetrepublica.com\/blog\/juan-antonio-vicente-se-incorpora-internet-republica-como-director-de-social-media-y-dircom\/"]}]},{"@type":"ImageObject","inLanguage":"es","@id":"https:\/\/internetrepublica.com\/blog\/juan-antonio-vicente-se-incorpora-internet-republica-como-director-de-social-media-y-dircom\/#primaryimage","url":"","contentUrl":""},{"@type":"BreadcrumbList","@id":"https:\/\/internetrepublica.com\/blog\/juan-antonio-vicente-se-incorpora-internet-republica-como-director-de-social-media-y-dircom\/#breadcrumb","itemListElement":[{"@type":"ListItem","position":1,"name":"Agencia Marketing Digital","item":"https:\/\/internetrepublica.com\/blog\/"},{"@type":"ListItem","position":2,"name":"Cosas nuestras","item":"https:\/\/internetrepublica.com\/blog\/cosas-nuestras\/"},{"@type":"ListItem","position":3,"name":"Juan Antonio Vicente se incorpora a Internet Rep\u00fablica como Director de Social Media y Dircom","item":"https:\/\/internetrepublica.com\/blog\/juan-antonio-vicente-se-incorpora-internet-republica-como-director-de-social-media-y-dircom\/"}]},{"@type":"WebSite","@id":"https:\/\/internetrepublica.com\/blog\/#website","url":"https:\/\/internetrepublica.com\/blog\/","name":"Internet Rep\u00fablica","description":"Agencia SEO y Marketing Digital","potentialAction":[{"@type":"SearchAction","target":{"@type":"EntryPoint","urlTemplate":"https:\/\/internetrepublica.com\/blog\/?s={search_term_string}"},"query-input":{"@type":"PropertyValueSpecification","valueRequired":true,"valueName":"search_term_string"}}],"inLanguage":"es"},{"@type":"Person","@id":"https:\/\/internetrepublica.com\/blog\/#\/schema\/person\/03145ab512e71e1483115e959141819e","name":"Internet Rep\u00fablica","image":{"@type":"ImageObject","inLanguage":"es","@id":"https:\/\/secure.gravatar.com\/avatar\/39358758c04fb123cc0000c0f3891ce935a0a493849e86b7d2458324721ad5f3?s=96&d=mm&r=g","url":"https:\/\/secure.gravatar.com\/avatar\/39358758c04fb123cc0000c0f3891ce935a0a493849e86b7d2458324721ad5f3?s=96&d=mm&r=g","contentUrl":"https:\/\/secure.gravatar.com\/avatar\/39358758c04fb123cc0000c0f3891ce935a0a493849e86b7d2458324721ad5f3?s=96&d=mm&r=g","caption":"Internet Rep\u00fablica"},"description":"Agencia online especializada en Inbound Marketing (Social Media, SEO y creatividad).","url":"https:\/\/internetrepublica.com\/blog\/author\/internetrepublica\/"}]}},"_links":{"self":[{"href":"https:\/\/internetrepublica.com\/blog\/wp-json\/wp\/v2\/posts\/3963","targetHints":{"allow":["GET"]}}],"collection":[{"href":"https:\/\/internetrepublica.com\/blog\/wp-json\/wp\/v2\/posts"}],"about":[{"href":"https:\/\/internetrepublica.com\/blog\/wp-json\/wp\/v2\/types\/post"}],"author":[{"embeddable":true,"href":"https:\/\/internetrepublica.com\/blog\/wp-json\/wp\/v2\/users\/2"}],"replies":[{"embeddable":true,"href":"https:\/\/internetrepublica.com\/blog\/wp-json\/wp\/v2\/comments?post=3963"}],"version-history":[{"count":0,"href":"https:\/\/internetrepublica.com\/blog\/wp-json\/wp\/v2\/posts\/3963\/revisions"}],"wp:featuredmedia":[{"embeddable":true,"href":"https:\/\/internetrepublica.com\/blog\/wp-json\/"}],"wp:attachment":[{"href":"https:\/\/internetrepublica.com\/blog\/wp-json\/wp\/v2\/media?parent=3963"}],"wp:term":[{"taxonomy":"category","embeddable":true,"href":"https:\/\/internetrepublica.com\/blog\/wp-json\/wp\/v2\/categories?post=3963"},{"taxonomy":"post_tag","embeddable":true,"href":"https:\/\/internetrepublica.com\/blog\/wp-json\/wp\/v2\/tags?post=3963"}],"curies":[{"name":"wp","href":"https:\/\/api.w.org\/{rel}","templated":true}]}}