{"id":3443,"date":"2013-11-07T14:19:17","date_gmt":"2013-11-07T12:19:17","guid":{"rendered":"https:\/\/internetrepublica.com\/?p=3443"},"modified":"2013-11-07T14:19:17","modified_gmt":"2013-11-07T12:19:17","slug":"internet-republica-incorpora-javier-garcia-nieto-a-equipo-de-social-media","status":"publish","type":"post","link":"https:\/\/internetrepublica.com\/blog\/internet-republica-incorpora-javier-garcia-nieto-a-equipo-de-social-media\/","title":{"rendered":"Javier Garc\u00eda Nieto se une a nuestro equipo de Social Media"},"content":{"rendered":"<p style=\"text-align: center;\"><a href=\"https:\/\/internetrepublica.com\/wp-content\/uploads\/Javier-y-Marta-en-Internet-Rep\u00fablica.jpg\"><img loading=\"lazy\" decoding=\"async\" class=\"aligncenter  wp-image-3446\" alt=\"Javier y Marta en Internet Rep\u00fablica\" src=\"https:\/\/internetrepublica.com\/wp-content\/uploads\/Javier-y-Marta-en-Internet-Rep\u00fablica.jpg\" width=\"540\" height=\"486\" \/><\/a><\/p>\n<p style=\"text-align: left;\">Javier Garc\u00eda Nieto se ha incorporado esta semana a <a href=\"https:\/\/internetrepublica.com\/\">Internet Rep\u00fablica<\/a>, agencia digital dirigida por <a href=\"https:\/\/internetrepublica.com\/ismael-el-qudsi\">Ismael El-Qudsi<\/a>, reforzando as\u00ed el equipo de Social Media y contenidos con perfiles senior con amplia experiencia en comunicaci\u00f3n <em>online<\/em>.<\/p>\n<p style=\"text-align: left;\"><a href=\"http:\/\/twitter.com\/jgarciani\">Javier Garc\u00eda Nieto<\/a> es especialista en m\u00e1rketing digital y profesor de <em>community management<\/em> y nuevos medios en la Funed. Ha sido el responsable del departamento digital de Noho, liderando los proyectos de AC Hoteles y Discovery Max, entre otros. Anteriormente ha trabajado para Hotelminuto.com, Casadellibro.com, Telef\u00f3nica M\u00f3viles, La Caixa y Apple Espa\u00f1a.<\/p>\n<p style=\"text-align: left;\"><span style=\"line-height: 1.5em;\">Para Ismael El-Qudsi, CEO de <\/span><a style=\"line-height: 1.5em;\" href=\"https:\/\/internetrepublica.com\">Internet Rep\u00fablica<\/a><span style=\"line-height: 1.5em;\">, actualmente se hacen necesarias estrategias de comunicaci\u00f3n apoyadas en tres pilares: tecnolog\u00eda, an\u00e1lisis de datos y conocimiento del medio. \u201cCon la incorporaci\u00f3n de Javier, reforzamos estos pilares, con el objetivo de que nuestros clientes salgan beneficiados en sus proyectos de <em>social media<\/em>\u201d, apunta El-Qudsi.<\/span><\/p>\n<p><b>Sobre Internet Rep\u00fablica<\/b><\/p>\n<p><a href=\"https:\/\/internetrepublica.com\">Internet Rep\u00fablica<\/a> es una agencia <em>online<\/em> especializada en <em>inbound marketing<\/em> (Social Media, SEO y creatividad). Naci\u00f3 el 11 de noviembre de 2011 con el objetivo de dar visibilidad <em>online<\/em> a sus <a href=\"https:\/\/internetrepublica.com\/clientes\">clientes<\/a> a trav\u00e9s de redes sociales, buscadores, blogs o <em>street marketing<\/em>, entre los que se encuentran El Corte Ingl\u00e9s, Vodafone, Verti, Carrefour, Toys \u201cR\u201d Us, HalconViajes.com o Air Europa.<\/p>\n","protected":false},"excerpt":{"rendered":"<p>Javier Garc\u00eda Nieto se ha incorporado esta semana a Internet Rep\u00fablica, agencia digital dirigida por Ismael El-Qudsi, reforzando as\u00ed el equipo de Social Media y&#8230;<\/p>\n","protected":false},"author":2,"featured_media":0,"comment_status":"open","ping_status":"open","sticky":false,"template":"","format":"standard","meta":{"content-type":"","inline_featured_image":false,"footnotes":""},"categories":[96,120],"tags":[433,513,41],"class_list":["post-3443","post","type-post","status-publish","format-standard","hentry","category-cosas-nuestras","category-social-media","tag-medios-sociales","tag-redes-sociales","tag-social-media"],"yoast_head":"<!-- This site is optimized with the Yoast SEO plugin v27.2 - https:\/\/yoast.com\/product\/yoast-seo-wordpress\/ -->\n<title>Javier Garc\u00eda Nieto y Marta Carnero se unen a Internet Rep\u00fablica<\/title>\n<meta name=\"description\" content=\"Javier Garc\u00eda Nieto se ha incorporado esta semana a Internet Rep\u00fablica, agencia digital dirigida por Ismael El-Qudsi, reforzando as\u00ed el equipo de Social\" \/>\n<meta name=\"robots\" content=\"index, follow, max-snippet:-1, max-image-preview:large, max-video-preview:-1\" \/>\n<link rel=\"canonical\" href=\"https:\/\/internetrepublica.com\/blog\/internet-republica-incorpora-javier-garcia-nieto-a-equipo-de-social-media\/\" \/>\n<meta property=\"og:locale\" content=\"es_ES\" \/>\n<meta property=\"og:type\" content=\"article\" \/>\n<meta property=\"og:title\" content=\"Javier Garc\u00eda Nieto y Marta Carnero se unen a Internet Rep\u00fablica\" \/>\n<meta property=\"og:description\" content=\"Javier Garc\u00eda Nieto se ha incorporado esta semana a Internet Rep\u00fablica, agencia digital dirigida por Ismael El-Qudsi, reforzando as\u00ed el equipo de Social\" \/>\n<meta property=\"og:url\" content=\"https:\/\/internetrepublica.com\/blog\/internet-republica-incorpora-javier-garcia-nieto-a-equipo-de-social-media\/\" \/>\n<meta property=\"og:site_name\" content=\"Internet Rep\u00fablica\" \/>\n<meta property=\"article:published_time\" content=\"2013-11-07T12:19:17+00:00\" \/>\n<meta property=\"og:image\" content=\"https:\/\/internetrepublica.com\/blog\/wp-content\/uploads\/2022\/05\/destacado.jpg\" \/>\n\t<meta property=\"og:image:width\" content=\"489\" \/>\n\t<meta property=\"og:image:height\" content=\"299\" \/>\n\t<meta property=\"og:image:type\" content=\"image\/jpeg\" \/>\n<meta name=\"author\" content=\"Internet Rep\u00fablica\" \/>\n<meta name=\"twitter:card\" content=\"summary_large_image\" \/>\n<meta name=\"twitter:label1\" content=\"Escrito por\" \/>\n\t<meta name=\"twitter:data1\" content=\"Internet Rep\u00fablica\" \/>\n\t<meta name=\"twitter:label2\" content=\"Tiempo de lectura\" \/>\n\t<meta name=\"twitter:data2\" content=\"1 minuto\" \/>\n<script type=\"application\/ld+json\" class=\"yoast-schema-graph\">{\"@context\":\"https:\/\/schema.org\",\"@graph\":[{\"@type\":\"Article\",\"@id\":\"https:\/\/internetrepublica.com\/blog\/internet-republica-incorpora-javier-garcia-nieto-a-equipo-de-social-media\/#article\",\"isPartOf\":{\"@id\":\"https:\/\/internetrepublica.com\/blog\/internet-republica-incorpora-javier-garcia-nieto-a-equipo-de-social-media\/\"},\"author\":{\"name\":\"Internet Rep\u00fablica\",\"@id\":\"https:\/\/internetrepublica.com\/blog\/#\/schema\/person\/03145ab512e71e1483115e959141819e\"},\"headline\":\"Javier Garc\u00eda Nieto se une a nuestro equipo de Social Media\",\"datePublished\":\"2013-11-07T12:19:17+00:00\",\"mainEntityOfPage\":{\"@id\":\"https:\/\/internetrepublica.com\/blog\/internet-republica-incorpora-javier-garcia-nieto-a-equipo-de-social-media\/\"},\"wordCount\":231,\"commentCount\":0,\"keywords\":[\"medios sociales\",\"Redes sociales\",\"Social Media\"],\"articleSection\":[\"Cosas nuestras\",\"Social Media\"],\"inLanguage\":\"es\",\"potentialAction\":[{\"@type\":\"CommentAction\",\"name\":\"Comment\",\"target\":[\"https:\/\/internetrepublica.com\/blog\/internet-republica-incorpora-javier-garcia-nieto-a-equipo-de-social-media\/#respond\"]}]},{\"@type\":\"WebPage\",\"@id\":\"https:\/\/internetrepublica.com\/blog\/internet-republica-incorpora-javier-garcia-nieto-a-equipo-de-social-media\/\",\"url\":\"https:\/\/internetrepublica.com\/blog\/internet-republica-incorpora-javier-garcia-nieto-a-equipo-de-social-media\/\",\"name\":\"Javier Garc\u00eda Nieto y Marta Carnero se unen a Internet Rep\u00fablica\",\"isPartOf\":{\"@id\":\"https:\/\/internetrepublica.com\/blog\/#website\"},\"datePublished\":\"2013-11-07T12:19:17+00:00\",\"author\":{\"@id\":\"https:\/\/internetrepublica.com\/blog\/#\/schema\/person\/03145ab512e71e1483115e959141819e\"},\"description\":\"Javier Garc\u00eda Nieto se ha incorporado esta semana a Internet Rep\u00fablica, agencia digital dirigida por Ismael El-Qudsi, reforzando as\u00ed el equipo de Social\",\"breadcrumb\":{\"@id\":\"https:\/\/internetrepublica.com\/blog\/internet-republica-incorpora-javier-garcia-nieto-a-equipo-de-social-media\/#breadcrumb\"},\"inLanguage\":\"es\",\"potentialAction\":[{\"@type\":\"ReadAction\",\"target\":[\"https:\/\/internetrepublica.com\/blog\/internet-republica-incorpora-javier-garcia-nieto-a-equipo-de-social-media\/\"]}]},{\"@type\":\"BreadcrumbList\",\"@id\":\"https:\/\/internetrepublica.com\/blog\/internet-republica-incorpora-javier-garcia-nieto-a-equipo-de-social-media\/#breadcrumb\",\"itemListElement\":[{\"@type\":\"ListItem\",\"position\":1,\"name\":\"Agencia Marketing Digital\",\"item\":\"https:\/\/internetrepublica.com\/blog\/\"},{\"@type\":\"ListItem\",\"position\":2,\"name\":\"Cosas nuestras\",\"item\":\"https:\/\/internetrepublica.com\/blog\/cosas-nuestras\/\"},{\"@type\":\"ListItem\",\"position\":3,\"name\":\"Javier Garc\u00eda Nieto se une a nuestro equipo de Social Media\",\"item\":\"https:\/\/internetrepublica.com\/blog\/internet-republica-incorpora-javier-garcia-nieto-a-equipo-de-social-media\/\"}]},{\"@type\":\"WebSite\",\"@id\":\"https:\/\/internetrepublica.com\/blog\/#website\",\"url\":\"https:\/\/internetrepublica.com\/blog\/\",\"name\":\"Internet Rep\u00fablica\",\"description\":\"Agencia SEO y Marketing Digital\",\"potentialAction\":[{\"@type\":\"SearchAction\",\"target\":{\"@type\":\"EntryPoint\",\"urlTemplate\":\"https:\/\/internetrepublica.com\/blog\/?s={search_term_string}\"},\"query-input\":{\"@type\":\"PropertyValueSpecification\",\"valueRequired\":true,\"valueName\":\"search_term_string\"}}],\"inLanguage\":\"es\"},{\"@type\":\"Person\",\"@id\":\"https:\/\/internetrepublica.com\/blog\/#\/schema\/person\/03145ab512e71e1483115e959141819e\",\"name\":\"Internet Rep\u00fablica\",\"image\":{\"@type\":\"ImageObject\",\"inLanguage\":\"es\",\"@id\":\"https:\/\/secure.gravatar.com\/avatar\/39358758c04fb123cc0000c0f3891ce935a0a493849e86b7d2458324721ad5f3?s=96&d=mm&r=g\",\"url\":\"https:\/\/secure.gravatar.com\/avatar\/39358758c04fb123cc0000c0f3891ce935a0a493849e86b7d2458324721ad5f3?s=96&d=mm&r=g\",\"contentUrl\":\"https:\/\/secure.gravatar.com\/avatar\/39358758c04fb123cc0000c0f3891ce935a0a493849e86b7d2458324721ad5f3?s=96&d=mm&r=g\",\"caption\":\"Internet Rep\u00fablica\"},\"description\":\"Agencia online especializada en Inbound Marketing (Social Media, SEO y creatividad).\",\"url\":\"https:\/\/internetrepublica.com\/blog\/author\/internetrepublica\/\"}]}<\/script>\n<!-- \/ Yoast SEO plugin. -->","yoast_head_json":{"title":"Javier Garc\u00eda Nieto y Marta Carnero se unen a Internet Rep\u00fablica","description":"Javier Garc\u00eda Nieto se ha incorporado esta semana a Internet Rep\u00fablica, agencia digital dirigida por Ismael El-Qudsi, reforzando as\u00ed el equipo de Social","robots":{"index":"index","follow":"follow","max-snippet":"max-snippet:-1","max-image-preview":"max-image-preview:large","max-video-preview":"max-video-preview:-1"},"canonical":"https:\/\/internetrepublica.com\/blog\/internet-republica-incorpora-javier-garcia-nieto-a-equipo-de-social-media\/","og_locale":"es_ES","og_type":"article","og_title":"Javier Garc\u00eda Nieto y Marta Carnero se unen a Internet Rep\u00fablica","og_description":"Javier Garc\u00eda Nieto se ha incorporado esta semana a Internet Rep\u00fablica, agencia digital dirigida por Ismael El-Qudsi, reforzando as\u00ed el equipo de Social","og_url":"https:\/\/internetrepublica.com\/blog\/internet-republica-incorpora-javier-garcia-nieto-a-equipo-de-social-media\/","og_site_name":"Internet Rep\u00fablica","article_published_time":"2013-11-07T12:19:17+00:00","og_image":[{"width":489,"height":299,"url":"https:\/\/internetrepublica.com\/blog\/wp-content\/uploads\/2022\/05\/destacado.jpg","type":"image\/jpeg"}],"author":"Internet Rep\u00fablica","twitter_card":"summary_large_image","twitter_misc":{"Escrito por":"Internet Rep\u00fablica","Tiempo de lectura":"1 minuto"},"schema":{"@context":"https:\/\/schema.org","@graph":[{"@type":"Article","@id":"https:\/\/internetrepublica.com\/blog\/internet-republica-incorpora-javier-garcia-nieto-a-equipo-de-social-media\/#article","isPartOf":{"@id":"https:\/\/internetrepublica.com\/blog\/internet-republica-incorpora-javier-garcia-nieto-a-equipo-de-social-media\/"},"author":{"name":"Internet Rep\u00fablica","@id":"https:\/\/internetrepublica.com\/blog\/#\/schema\/person\/03145ab512e71e1483115e959141819e"},"headline":"Javier Garc\u00eda Nieto se une a nuestro equipo de Social Media","datePublished":"2013-11-07T12:19:17+00:00","mainEntityOfPage":{"@id":"https:\/\/internetrepublica.com\/blog\/internet-republica-incorpora-javier-garcia-nieto-a-equipo-de-social-media\/"},"wordCount":231,"commentCount":0,"keywords":["medios sociales","Redes sociales","Social Media"],"articleSection":["Cosas nuestras","Social Media"],"inLanguage":"es","potentialAction":[{"@type":"CommentAction","name":"Comment","target":["https:\/\/internetrepublica.com\/blog\/internet-republica-incorpora-javier-garcia-nieto-a-equipo-de-social-media\/#respond"]}]},{"@type":"WebPage","@id":"https:\/\/internetrepublica.com\/blog\/internet-republica-incorpora-javier-garcia-nieto-a-equipo-de-social-media\/","url":"https:\/\/internetrepublica.com\/blog\/internet-republica-incorpora-javier-garcia-nieto-a-equipo-de-social-media\/","name":"Javier Garc\u00eda Nieto y Marta Carnero se unen a Internet Rep\u00fablica","isPartOf":{"@id":"https:\/\/internetrepublica.com\/blog\/#website"},"datePublished":"2013-11-07T12:19:17+00:00","author":{"@id":"https:\/\/internetrepublica.com\/blog\/#\/schema\/person\/03145ab512e71e1483115e959141819e"},"description":"Javier Garc\u00eda Nieto se ha incorporado esta semana a Internet Rep\u00fablica, agencia digital dirigida por Ismael El-Qudsi, reforzando as\u00ed el equipo de Social","breadcrumb":{"@id":"https:\/\/internetrepublica.com\/blog\/internet-republica-incorpora-javier-garcia-nieto-a-equipo-de-social-media\/#breadcrumb"},"inLanguage":"es","potentialAction":[{"@type":"ReadAction","target":["https:\/\/internetrepublica.com\/blog\/internet-republica-incorpora-javier-garcia-nieto-a-equipo-de-social-media\/"]}]},{"@type":"BreadcrumbList","@id":"https:\/\/internetrepublica.com\/blog\/internet-republica-incorpora-javier-garcia-nieto-a-equipo-de-social-media\/#breadcrumb","itemListElement":[{"@type":"ListItem","position":1,"name":"Agencia Marketing Digital","item":"https:\/\/internetrepublica.com\/blog\/"},{"@type":"ListItem","position":2,"name":"Cosas nuestras","item":"https:\/\/internetrepublica.com\/blog\/cosas-nuestras\/"},{"@type":"ListItem","position":3,"name":"Javier Garc\u00eda Nieto se une a nuestro equipo de Social Media","item":"https:\/\/internetrepublica.com\/blog\/internet-republica-incorpora-javier-garcia-nieto-a-equipo-de-social-media\/"}]},{"@type":"WebSite","@id":"https:\/\/internetrepublica.com\/blog\/#website","url":"https:\/\/internetrepublica.com\/blog\/","name":"Internet Rep\u00fablica","description":"Agencia SEO y Marketing Digital","potentialAction":[{"@type":"SearchAction","target":{"@type":"EntryPoint","urlTemplate":"https:\/\/internetrepublica.com\/blog\/?s={search_term_string}"},"query-input":{"@type":"PropertyValueSpecification","valueRequired":true,"valueName":"search_term_string"}}],"inLanguage":"es"},{"@type":"Person","@id":"https:\/\/internetrepublica.com\/blog\/#\/schema\/person\/03145ab512e71e1483115e959141819e","name":"Internet Rep\u00fablica","image":{"@type":"ImageObject","inLanguage":"es","@id":"https:\/\/secure.gravatar.com\/avatar\/39358758c04fb123cc0000c0f3891ce935a0a493849e86b7d2458324721ad5f3?s=96&d=mm&r=g","url":"https:\/\/secure.gravatar.com\/avatar\/39358758c04fb123cc0000c0f3891ce935a0a493849e86b7d2458324721ad5f3?s=96&d=mm&r=g","contentUrl":"https:\/\/secure.gravatar.com\/avatar\/39358758c04fb123cc0000c0f3891ce935a0a493849e86b7d2458324721ad5f3?s=96&d=mm&r=g","caption":"Internet Rep\u00fablica"},"description":"Agencia online especializada en Inbound Marketing (Social Media, SEO y creatividad).","url":"https:\/\/internetrepublica.com\/blog\/author\/internetrepublica\/"}]}},"_links":{"self":[{"href":"https:\/\/internetrepublica.com\/blog\/wp-json\/wp\/v2\/posts\/3443","targetHints":{"allow":["GET"]}}],"collection":[{"href":"https:\/\/internetrepublica.com\/blog\/wp-json\/wp\/v2\/posts"}],"about":[{"href":"https:\/\/internetrepublica.com\/blog\/wp-json\/wp\/v2\/types\/post"}],"author":[{"embeddable":true,"href":"https:\/\/internetrepublica.com\/blog\/wp-json\/wp\/v2\/users\/2"}],"replies":[{"embeddable":true,"href":"https:\/\/internetrepublica.com\/blog\/wp-json\/wp\/v2\/comments?post=3443"}],"version-history":[{"count":0,"href":"https:\/\/internetrepublica.com\/blog\/wp-json\/wp\/v2\/posts\/3443\/revisions"}],"wp:attachment":[{"href":"https:\/\/internetrepublica.com\/blog\/wp-json\/wp\/v2\/media?parent=3443"}],"wp:term":[{"taxonomy":"category","embeddable":true,"href":"https:\/\/internetrepublica.com\/blog\/wp-json\/wp\/v2\/categories?post=3443"},{"taxonomy":"post_tag","embeddable":true,"href":"https:\/\/internetrepublica.com\/blog\/wp-json\/wp\/v2\/tags?post=3443"}],"curies":[{"name":"wp","href":"https:\/\/api.w.org\/{rel}","templated":true}]}}