{"id":2938,"date":"2013-04-18T20:09:04","date_gmt":"2013-04-18T18:09:04","guid":{"rendered":"https:\/\/internetrepublica.com\/?p=2938"},"modified":"2013-04-18T20:09:04","modified_gmt":"2013-04-18T18:09:04","slug":"el-dia-de-internet-vuelve-internet-es-tuyo","status":"publish","type":"post","link":"https:\/\/internetrepublica.com\/blog\/el-dia-de-internet-vuelve-internet-es-tuyo\/","title":{"rendered":"El D\u00eda de Internet&#8230; vuelve &#8220;Internet Es Tuyo&#8221;"},"content":{"rendered":"<p>Tenemos el gusto de contaros que el <strong>viernes 17 de mayo<\/strong>, coincidiendo con el D\u00eda de Internet, vuelve\u00a0<em>Internet Es Tuyo<\/em>,\u00a0un evento homenaje a la gente que hace la Red. Es din\u00e1mico, muy \u00e1gil, abierto a la participaci\u00f3n, con un enfoque eminentemente pr\u00e1ctico\u2026 Y fuera de lo corriente, en el que aprender, divertirte, inspirarte y compartir.\u00a0<strong>Porque Internet Es Tuyo.<\/strong><\/p>\n<p>Y lo haremos en el Palacete de los Duques de Pastrana (Madrid), con las ganas de\u00a0<strong>infundir optimismo gracias a una Internet con filosof\u00eda anticrisis,\u00a0<\/strong>reuniendo por cuarto a\u00f1o consecutivo a m\u00e1s de 500 profesionales en torno a los exponentes m\u00e1s significativos del <em>social media<\/em>, tecnolog\u00eda, marketing y publicidad <em>online<\/em>. Un evento que ser\u00e1 posible gracias a <a href=\"http:\/\/elcorteingles.es\">ElCorteIngl\u00e9s.es<\/a>\u00a0y que, como siempre, retransmitiremos tambi\u00e9n v\u00eda <em>streaming <\/em>para los que no pueden venir.<\/p>\n<p>Ya se empiezan a desvelar algunos nombres de la <strong>agenda<\/strong><strong> de Internet Es Tuyo 2013<\/strong>: Javier Rodr\u00edguez Zapatero,\u00a0director general de Google Espa\u00f1a;\u00a0Luis Mart\u00edn Cabiedes,\u00a0<em>business angel<\/em> en m\u00e1s de 40 empresas tecnol\u00f3gicas;\u00a0Toni Segarra,\u00a0el publicista y creativo espa\u00f1ol con mayor reconocimiento internacional; <strong>Carlos Fern\u00e1ndez Guerra,<\/strong> <em>social media strategist<\/em> de la\u00a0Polic\u00eda Nacional,\u00a0segundo cuerpo de seguridad m\u00e1s seguido en Twitter, tras el FBI; mesa sobre medios e internet con\u00a0Arsenio Escolar\u00a0(20minutos) y\u00a0Rub\u00e9n Regalado\u00a0(La Sexta), humor en internet con\u00a0Fernando Gonz\u00e1lez,\u00a0<em><a href=\"http:\/\/twitter.com\/a_lo_gonzo\">Gonzo<\/a><\/em>, y\u00a0<a href=\"http:\/\/twitter.com\/ArturoParroquia\">Arturo Gonz\u00e1lez-Campos<\/a>,\u00a0\u201cLa Parroquia\u201d, moderados\u2013o no\u2013por Pepo Jim\u00e9nez,\u00a0<a href=\"http:\/\/twitter.com\/Kurioso\">Kurioso<\/a>\u00a0en Twitter; la publicidad del futuro, con\u00a0<a href=\"http:\/\/twitter.com\/jpiedrahita\">Javier Piedrahita<\/a>,\u00a0<a href=\"http:\/\/twiter.com\/femunoz\">F\u00e9lix Mu\u00f1oz<\/a>\u00a0y\u00a0<a href=\"http:\/\/twitter.com\/ingdirectes\">Almudena Rom\u00e1n<\/a>&#8230; Y m\u00e1s que habr\u00e1.<\/p>\n<p>Como ya sab\u00e9is, la entrada incluye toda la jornada con catering\u2026 Y\u00a0como siempre, muchas\u00a0acciones extra\u2013y\u00a0sorpresas a cargo de la web de descargas <a href=\"http:\/\/Malavida.com\">Malavida.com<\/a>\u2013para animar el <em>networking<\/em>, amenizado este a\u00f1o con la <strong>final de la Copa del Rey.<\/strong><br \/>\n\u00bfTe vienes a verla con nosotros desde los jardines del Palacete?<\/p>\n<p><a href=\"https:\/\/internetrepublica.com\/wp-content\/uploads\/IET2013.jpg\"><img loading=\"lazy\" decoding=\"async\" class=\" wp-image-2939 alignnone\" title=\"IET2013\" src=\"https:\/\/internetrepublica.com\/wp-content\/uploads\/IET2013-600x281.jpg\" alt=\"Internet Es Tuyo 2013\" width=\"540\" height=\"253\" \/><\/a><\/p>\n","protected":false},"excerpt":{"rendered":"<p>Tenemos el gusto de contaros que el viernes 17 de mayo, coincidiendo con el D\u00eda de Internet, vuelve\u00a0Internet Es Tuyo,\u00a0un evento homenaje a la gente&#8230;<\/p>\n","protected":false},"author":2,"featured_media":3027,"comment_status":"open","ping_status":"open","sticky":false,"template":"","format":"standard","meta":{"content-type":"","inline_featured_image":false,"footnotes":""},"categories":[96,99],"tags":[313,391,397,419,583],"class_list":["post-2938","post","type-post","status-publish","format-standard","has-post-thumbnail","hentry","category-cosas-nuestras","category-eventos","tag-evento","tag-internet-es-tuyo","tag-javier-rodriguez-zapatero","tag-luis-martin-cabiedes","tag-toni-segarra"],"yoast_head":"<!-- This site is optimized with the Yoast SEO plugin v27.2 - https:\/\/yoast.com\/product\/yoast-seo-wordpress\/ -->\n<title>El D\u00eda de Internet... vuelve &quot;Internet Es Tuyo&quot; - Internet Rep\u00fablica<\/title>\n<meta name=\"description\" content=\"Tenemos el gusto de contaros que el viernes 17 de mayo, coincidiendo con el D\u00eda de Internet, vuelve\u00a0Internet Es Tuyo,\u00a0un evento homenaje a la gente que\" \/>\n<meta name=\"robots\" content=\"index, follow, max-snippet:-1, max-image-preview:large, max-video-preview:-1\" \/>\n<link rel=\"canonical\" href=\"https:\/\/internetrepublica.com\/blog\/el-dia-de-internet-vuelve-internet-es-tuyo\/\" \/>\n<meta property=\"og:locale\" content=\"es_ES\" \/>\n<meta property=\"og:type\" content=\"article\" \/>\n<meta property=\"og:title\" content=\"El D\u00eda de Internet... vuelve &quot;Internet Es Tuyo&quot; - Internet Rep\u00fablica\" \/>\n<meta property=\"og:description\" content=\"Tenemos el gusto de contaros que el viernes 17 de mayo, coincidiendo con el D\u00eda de Internet, vuelve\u00a0Internet Es Tuyo,\u00a0un evento homenaje a la gente que\" \/>\n<meta property=\"og:url\" content=\"https:\/\/internetrepublica.com\/blog\/el-dia-de-internet-vuelve-internet-es-tuyo\/\" \/>\n<meta property=\"og:site_name\" content=\"Internet Rep\u00fablica\" \/>\n<meta property=\"article:published_time\" content=\"2013-04-18T18:09:04+00:00\" \/>\n<meta property=\"og:image\" content=\"https:\/\/internetrepublica.com\/blog\/wp-content\/uploads\/2022\/05\/destacado.jpg\" \/>\n\t<meta property=\"og:image:width\" content=\"489\" \/>\n\t<meta property=\"og:image:height\" content=\"299\" \/>\n\t<meta property=\"og:image:type\" content=\"image\/jpeg\" \/>\n<meta name=\"author\" content=\"Internet Rep\u00fablica\" \/>\n<meta name=\"twitter:card\" content=\"summary_large_image\" \/>\n<meta name=\"twitter:label1\" content=\"Escrito por\" \/>\n\t<meta name=\"twitter:data1\" content=\"Internet Rep\u00fablica\" \/>\n\t<meta name=\"twitter:label2\" content=\"Tiempo de lectura\" \/>\n\t<meta name=\"twitter:data2\" content=\"2 minutos\" \/>\n<script type=\"application\/ld+json\" class=\"yoast-schema-graph\">{\"@context\":\"https:\/\/schema.org\",\"@graph\":[{\"@type\":\"Article\",\"@id\":\"https:\/\/internetrepublica.com\/blog\/el-dia-de-internet-vuelve-internet-es-tuyo\/#article\",\"isPartOf\":{\"@id\":\"https:\/\/internetrepublica.com\/blog\/el-dia-de-internet-vuelve-internet-es-tuyo\/\"},\"author\":{\"name\":\"Internet Rep\u00fablica\",\"@id\":\"https:\/\/internetrepublica.com\/blog\/#\/schema\/person\/03145ab512e71e1483115e959141819e\"},\"headline\":\"El D\u00eda de Internet&#8230; vuelve &#8220;Internet Es Tuyo&#8221;\",\"datePublished\":\"2013-04-18T18:09:04+00:00\",\"mainEntityOfPage\":{\"@id\":\"https:\/\/internetrepublica.com\/blog\/el-dia-de-internet-vuelve-internet-es-tuyo\/\"},\"wordCount\":341,\"commentCount\":2,\"image\":{\"@id\":\"https:\/\/internetrepublica.com\/blog\/el-dia-de-internet-vuelve-internet-es-tuyo\/#primaryimage\"},\"thumbnailUrl\":\"\",\"keywords\":[\"evento\",\"Internet Es Tuyo\",\"Javier Rodriguez Zapatero\",\"Luis Martin Cabiedes\",\"Toni Segarra\"],\"articleSection\":[\"Cosas nuestras\",\"Eventos\"],\"inLanguage\":\"es\",\"potentialAction\":[{\"@type\":\"CommentAction\",\"name\":\"Comment\",\"target\":[\"https:\/\/internetrepublica.com\/blog\/el-dia-de-internet-vuelve-internet-es-tuyo\/#respond\"]}]},{\"@type\":\"WebPage\",\"@id\":\"https:\/\/internetrepublica.com\/blog\/el-dia-de-internet-vuelve-internet-es-tuyo\/\",\"url\":\"https:\/\/internetrepublica.com\/blog\/el-dia-de-internet-vuelve-internet-es-tuyo\/\",\"name\":\"El D\u00eda de Internet... vuelve \\\"Internet Es Tuyo\\\" - Internet Rep\u00fablica\",\"isPartOf\":{\"@id\":\"https:\/\/internetrepublica.com\/blog\/#website\"},\"primaryImageOfPage\":{\"@id\":\"https:\/\/internetrepublica.com\/blog\/el-dia-de-internet-vuelve-internet-es-tuyo\/#primaryimage\"},\"image\":{\"@id\":\"https:\/\/internetrepublica.com\/blog\/el-dia-de-internet-vuelve-internet-es-tuyo\/#primaryimage\"},\"thumbnailUrl\":\"\",\"datePublished\":\"2013-04-18T18:09:04+00:00\",\"author\":{\"@id\":\"https:\/\/internetrepublica.com\/blog\/#\/schema\/person\/03145ab512e71e1483115e959141819e\"},\"description\":\"Tenemos el gusto de contaros que el viernes 17 de mayo, coincidiendo con el D\u00eda de Internet, vuelve\u00a0Internet Es Tuyo,\u00a0un evento homenaje a la gente que\",\"breadcrumb\":{\"@id\":\"https:\/\/internetrepublica.com\/blog\/el-dia-de-internet-vuelve-internet-es-tuyo\/#breadcrumb\"},\"inLanguage\":\"es\",\"potentialAction\":[{\"@type\":\"ReadAction\",\"target\":[\"https:\/\/internetrepublica.com\/blog\/el-dia-de-internet-vuelve-internet-es-tuyo\/\"]}]},{\"@type\":\"ImageObject\",\"inLanguage\":\"es\",\"@id\":\"https:\/\/internetrepublica.com\/blog\/el-dia-de-internet-vuelve-internet-es-tuyo\/#primaryimage\",\"url\":\"\",\"contentUrl\":\"\"},{\"@type\":\"BreadcrumbList\",\"@id\":\"https:\/\/internetrepublica.com\/blog\/el-dia-de-internet-vuelve-internet-es-tuyo\/#breadcrumb\",\"itemListElement\":[{\"@type\":\"ListItem\",\"position\":1,\"name\":\"Agencia Marketing Digital\",\"item\":\"https:\/\/internetrepublica.com\/blog\/\"},{\"@type\":\"ListItem\",\"position\":2,\"name\":\"Cosas nuestras\",\"item\":\"https:\/\/internetrepublica.com\/blog\/cosas-nuestras\/\"},{\"@type\":\"ListItem\",\"position\":3,\"name\":\"El D\u00eda de Internet&#8230; vuelve &#8220;Internet Es Tuyo&#8221;\",\"item\":\"https:\/\/internetrepublica.com\/blog\/el-dia-de-internet-vuelve-internet-es-tuyo\/\"}]},{\"@type\":\"WebSite\",\"@id\":\"https:\/\/internetrepublica.com\/blog\/#website\",\"url\":\"https:\/\/internetrepublica.com\/blog\/\",\"name\":\"Internet Rep\u00fablica\",\"description\":\"Agencia SEO y Marketing Digital\",\"potentialAction\":[{\"@type\":\"SearchAction\",\"target\":{\"@type\":\"EntryPoint\",\"urlTemplate\":\"https:\/\/internetrepublica.com\/blog\/?s={search_term_string}\"},\"query-input\":{\"@type\":\"PropertyValueSpecification\",\"valueRequired\":true,\"valueName\":\"search_term_string\"}}],\"inLanguage\":\"es\"},{\"@type\":\"Person\",\"@id\":\"https:\/\/internetrepublica.com\/blog\/#\/schema\/person\/03145ab512e71e1483115e959141819e\",\"name\":\"Internet Rep\u00fablica\",\"image\":{\"@type\":\"ImageObject\",\"inLanguage\":\"es\",\"@id\":\"https:\/\/secure.gravatar.com\/avatar\/39358758c04fb123cc0000c0f3891ce935a0a493849e86b7d2458324721ad5f3?s=96&d=mm&r=g\",\"url\":\"https:\/\/secure.gravatar.com\/avatar\/39358758c04fb123cc0000c0f3891ce935a0a493849e86b7d2458324721ad5f3?s=96&d=mm&r=g\",\"contentUrl\":\"https:\/\/secure.gravatar.com\/avatar\/39358758c04fb123cc0000c0f3891ce935a0a493849e86b7d2458324721ad5f3?s=96&d=mm&r=g\",\"caption\":\"Internet Rep\u00fablica\"},\"description\":\"Agencia online especializada en Inbound Marketing (Social Media, SEO y creatividad).\",\"url\":\"https:\/\/internetrepublica.com\/blog\/author\/internetrepublica\/\"}]}<\/script>\n<!-- \/ Yoast SEO plugin. -->","yoast_head_json":{"title":"El D\u00eda de Internet... vuelve \"Internet Es Tuyo\" - Internet Rep\u00fablica","description":"Tenemos el gusto de contaros que el viernes 17 de mayo, coincidiendo con el D\u00eda de Internet, vuelve\u00a0Internet Es Tuyo,\u00a0un evento homenaje a la gente que","robots":{"index":"index","follow":"follow","max-snippet":"max-snippet:-1","max-image-preview":"max-image-preview:large","max-video-preview":"max-video-preview:-1"},"canonical":"https:\/\/internetrepublica.com\/blog\/el-dia-de-internet-vuelve-internet-es-tuyo\/","og_locale":"es_ES","og_type":"article","og_title":"El D\u00eda de Internet... vuelve \"Internet Es Tuyo\" - Internet Rep\u00fablica","og_description":"Tenemos el gusto de contaros que el viernes 17 de mayo, coincidiendo con el D\u00eda de Internet, vuelve\u00a0Internet Es Tuyo,\u00a0un evento homenaje a la gente que","og_url":"https:\/\/internetrepublica.com\/blog\/el-dia-de-internet-vuelve-internet-es-tuyo\/","og_site_name":"Internet Rep\u00fablica","article_published_time":"2013-04-18T18:09:04+00:00","og_image":[{"width":489,"height":299,"url":"https:\/\/internetrepublica.com\/blog\/wp-content\/uploads\/2022\/05\/destacado.jpg","type":"image\/jpeg"}],"author":"Internet Rep\u00fablica","twitter_card":"summary_large_image","twitter_misc":{"Escrito por":"Internet Rep\u00fablica","Tiempo de lectura":"2 minutos"},"schema":{"@context":"https:\/\/schema.org","@graph":[{"@type":"Article","@id":"https:\/\/internetrepublica.com\/blog\/el-dia-de-internet-vuelve-internet-es-tuyo\/#article","isPartOf":{"@id":"https:\/\/internetrepublica.com\/blog\/el-dia-de-internet-vuelve-internet-es-tuyo\/"},"author":{"name":"Internet Rep\u00fablica","@id":"https:\/\/internetrepublica.com\/blog\/#\/schema\/person\/03145ab512e71e1483115e959141819e"},"headline":"El D\u00eda de Internet&#8230; vuelve &#8220;Internet Es Tuyo&#8221;","datePublished":"2013-04-18T18:09:04+00:00","mainEntityOfPage":{"@id":"https:\/\/internetrepublica.com\/blog\/el-dia-de-internet-vuelve-internet-es-tuyo\/"},"wordCount":341,"commentCount":2,"image":{"@id":"https:\/\/internetrepublica.com\/blog\/el-dia-de-internet-vuelve-internet-es-tuyo\/#primaryimage"},"thumbnailUrl":"","keywords":["evento","Internet Es Tuyo","Javier Rodriguez Zapatero","Luis Martin Cabiedes","Toni Segarra"],"articleSection":["Cosas nuestras","Eventos"],"inLanguage":"es","potentialAction":[{"@type":"CommentAction","name":"Comment","target":["https:\/\/internetrepublica.com\/blog\/el-dia-de-internet-vuelve-internet-es-tuyo\/#respond"]}]},{"@type":"WebPage","@id":"https:\/\/internetrepublica.com\/blog\/el-dia-de-internet-vuelve-internet-es-tuyo\/","url":"https:\/\/internetrepublica.com\/blog\/el-dia-de-internet-vuelve-internet-es-tuyo\/","name":"El D\u00eda de Internet... vuelve \"Internet Es Tuyo\" - Internet Rep\u00fablica","isPartOf":{"@id":"https:\/\/internetrepublica.com\/blog\/#website"},"primaryImageOfPage":{"@id":"https:\/\/internetrepublica.com\/blog\/el-dia-de-internet-vuelve-internet-es-tuyo\/#primaryimage"},"image":{"@id":"https:\/\/internetrepublica.com\/blog\/el-dia-de-internet-vuelve-internet-es-tuyo\/#primaryimage"},"thumbnailUrl":"","datePublished":"2013-04-18T18:09:04+00:00","author":{"@id":"https:\/\/internetrepublica.com\/blog\/#\/schema\/person\/03145ab512e71e1483115e959141819e"},"description":"Tenemos el gusto de contaros que el viernes 17 de mayo, coincidiendo con el D\u00eda de Internet, vuelve\u00a0Internet Es Tuyo,\u00a0un evento homenaje a la gente que","breadcrumb":{"@id":"https:\/\/internetrepublica.com\/blog\/el-dia-de-internet-vuelve-internet-es-tuyo\/#breadcrumb"},"inLanguage":"es","potentialAction":[{"@type":"ReadAction","target":["https:\/\/internetrepublica.com\/blog\/el-dia-de-internet-vuelve-internet-es-tuyo\/"]}]},{"@type":"ImageObject","inLanguage":"es","@id":"https:\/\/internetrepublica.com\/blog\/el-dia-de-internet-vuelve-internet-es-tuyo\/#primaryimage","url":"","contentUrl":""},{"@type":"BreadcrumbList","@id":"https:\/\/internetrepublica.com\/blog\/el-dia-de-internet-vuelve-internet-es-tuyo\/#breadcrumb","itemListElement":[{"@type":"ListItem","position":1,"name":"Agencia Marketing Digital","item":"https:\/\/internetrepublica.com\/blog\/"},{"@type":"ListItem","position":2,"name":"Cosas nuestras","item":"https:\/\/internetrepublica.com\/blog\/cosas-nuestras\/"},{"@type":"ListItem","position":3,"name":"El D\u00eda de Internet&#8230; vuelve &#8220;Internet Es Tuyo&#8221;","item":"https:\/\/internetrepublica.com\/blog\/el-dia-de-internet-vuelve-internet-es-tuyo\/"}]},{"@type":"WebSite","@id":"https:\/\/internetrepublica.com\/blog\/#website","url":"https:\/\/internetrepublica.com\/blog\/","name":"Internet Rep\u00fablica","description":"Agencia SEO y Marketing Digital","potentialAction":[{"@type":"SearchAction","target":{"@type":"EntryPoint","urlTemplate":"https:\/\/internetrepublica.com\/blog\/?s={search_term_string}"},"query-input":{"@type":"PropertyValueSpecification","valueRequired":true,"valueName":"search_term_string"}}],"inLanguage":"es"},{"@type":"Person","@id":"https:\/\/internetrepublica.com\/blog\/#\/schema\/person\/03145ab512e71e1483115e959141819e","name":"Internet Rep\u00fablica","image":{"@type":"ImageObject","inLanguage":"es","@id":"https:\/\/secure.gravatar.com\/avatar\/39358758c04fb123cc0000c0f3891ce935a0a493849e86b7d2458324721ad5f3?s=96&d=mm&r=g","url":"https:\/\/secure.gravatar.com\/avatar\/39358758c04fb123cc0000c0f3891ce935a0a493849e86b7d2458324721ad5f3?s=96&d=mm&r=g","contentUrl":"https:\/\/secure.gravatar.com\/avatar\/39358758c04fb123cc0000c0f3891ce935a0a493849e86b7d2458324721ad5f3?s=96&d=mm&r=g","caption":"Internet Rep\u00fablica"},"description":"Agencia online especializada en Inbound Marketing (Social Media, SEO y creatividad).","url":"https:\/\/internetrepublica.com\/blog\/author\/internetrepublica\/"}]}},"_links":{"self":[{"href":"https:\/\/internetrepublica.com\/blog\/wp-json\/wp\/v2\/posts\/2938","targetHints":{"allow":["GET"]}}],"collection":[{"href":"https:\/\/internetrepublica.com\/blog\/wp-json\/wp\/v2\/posts"}],"about":[{"href":"https:\/\/internetrepublica.com\/blog\/wp-json\/wp\/v2\/types\/post"}],"author":[{"embeddable":true,"href":"https:\/\/internetrepublica.com\/blog\/wp-json\/wp\/v2\/users\/2"}],"replies":[{"embeddable":true,"href":"https:\/\/internetrepublica.com\/blog\/wp-json\/wp\/v2\/comments?post=2938"}],"version-history":[{"count":0,"href":"https:\/\/internetrepublica.com\/blog\/wp-json\/wp\/v2\/posts\/2938\/revisions"}],"wp:featuredmedia":[{"embeddable":true,"href":"https:\/\/internetrepublica.com\/blog\/wp-json\/"}],"wp:attachment":[{"href":"https:\/\/internetrepublica.com\/blog\/wp-json\/wp\/v2\/media?parent=2938"}],"wp:term":[{"taxonomy":"category","embeddable":true,"href":"https:\/\/internetrepublica.com\/blog\/wp-json\/wp\/v2\/categories?post=2938"},{"taxonomy":"post_tag","embeddable":true,"href":"https:\/\/internetrepublica.com\/blog\/wp-json\/wp\/v2\/tags?post=2938"}],"curies":[{"name":"wp","href":"https:\/\/api.w.org\/{rel}","templated":true}]}}